{"id":288035,"date":"2025-08-26T10:10:48","date_gmt":"2025-08-26T14:10:48","guid":{"rendered":"https:\/\/elluchador.info\/?p=288035"},"modified":"2025-08-26T10:11:23","modified_gmt":"2025-08-26T14:11:23","slug":"ninos-disfrutan-del-plan-vacacional-comunitario-2025-en-ciudad-bolivar","status":"publish","type":"post","link":"https:\/\/elluchador.info\/?p=288035","title":{"rendered":"Ni\u00f1os disfrutan del Plan Vacacional Comunitario 2025 en Ciudad Bol\u00edvar"},"content":{"rendered":"\n<p>\u200eComo parte del Plan Vacacional Comunitario 2025, el Instituto Municipal de Juventud, Deportes y Recreaci\u00f3n (Imjuderao), bajo la direcci\u00f3n del alcalde Sergio Hern\u00e1ndez, la gobernadora Yulisbeth Garc\u00eda y el presidente Nicol\u00e1s Maduro, organiz\u00f3 una jornada recreativa y acu\u00e1tica para m\u00e1s de 70 ni\u00f1os y ni\u00f1as del Consejo Comunal Eterno Gigante Ciudad Bol\u00edvar, parroquia Vista Hermosa.<br>\u200e<br>\u200eEl objetivo principal de estas actividades es brindar a los semilleros de la patria una experiencia llena de diversi\u00f3n y sano esparcimiento, fortaleciendo valores de convivencia y uni\u00f3n en la comunidad.<br>\u200e<br>\u200eEn esta ocasi\u00f3n, Alexander Moreno, presidente de Imjuderao, destac\u00f3 que \u201cla alegr\u00eda y el esparcimiento marcaron esta jornada para los ni\u00f1os, quienes participaron con entusiasmo en diversas actividades deportivas, juegos tradicionales, pinta caritas y din\u00e1micas recreativas.\u201d<br>\u200e<br>\u200eMoreno resalt\u00f3 el compromiso de seguir llevando sonrisas y momentos inolvidables a los peque\u00f1os durante su temporada vacacional.<br>\u200e<br>\u200eEstas acciones forman parte de la pol\u00edtica integral de atenci\u00f3n social del gobierno municipal y regional, enfocadas en el bienestar de la ni\u00f1ez y la construcci\u00f3n de espacios que promuevan la paz, la recreaci\u00f3n y el fortalecimiento de la identidad cultural.<br>\u200e<br><strong>\u200ePrensa Alcald\u00eda AO<\/strong><\/p>\n","protected":false},"excerpt":{"rendered":"<p>\u200eComo parte del Plan Vacacional Comunitario 2025, el Instituto Municipal de Juventud, Deportes y Recreaci\u00f3n (Imjuderao), bajo la direcci\u00f3n del alcalde Sergio Hern\u00e1ndez, la gobernadora Yulisbeth Garc\u00eda y el presidente Nicol\u00e1s Maduro, organiz\u00f3 una jornada recreativa y acu\u00e1tica para m\u00e1s de 70 ni\u00f1os y ni\u00f1as del Consejo Comunal Eterno Gigante Ciudad Bol\u00edvar, parroquia Vista Hermosa.\u200e\u200eEl [&hellip;]<\/p>\n","protected":false},"author":33,"featured_media":288036,"comment_status":"closed","ping_status":"closed","sticky":false,"template":"","format":"standard","meta":{"footnotes":""},"categories":[20],"tags":[306,4844,3606],"class_list":{"0":"post-288035","1":"post","2":"type-post","3":"status-publish","4":"format-standard","5":"has-post-thumbnail","7":"category-municipal","8":"tag-ciudad-bolivar","9":"tag-deportivo","10":"tag-vacaciones"},"_links":{"self":[{"href":"https:\/\/elluchador.info\/index.php?rest_route=\/wp\/v2\/posts\/288035","targetHints":{"allow":["GET"]}}],"collection":[{"href":"https:\/\/elluchador.info\/index.php?rest_route=\/wp\/v2\/posts"}],"about":[{"href":"https:\/\/elluchador.info\/index.php?rest_route=\/wp\/v2\/types\/post"}],"author":[{"embeddable":true,"href":"https:\/\/elluchador.info\/index.php?rest_route=\/wp\/v2\/users\/33"}],"replies":[{"embeddable":true,"href":"https:\/\/elluchador.info\/index.php?rest_route=%2Fwp%2Fv2%2Fcomments&post=288035"}],"version-history":[{"count":1,"href":"https:\/\/elluchador.info\/index.php?rest_route=\/wp\/v2\/posts\/288035\/revisions"}],"predecessor-version":[{"id":288037,"href":"https:\/\/elluchador.info\/index.php?rest_route=\/wp\/v2\/posts\/288035\/revisions\/288037"}],"wp:featuredmedia":[{"embeddable":true,"href":"https:\/\/elluchador.info\/index.php?rest_route=\/wp\/v2\/media\/288036"}],"wp:attachment":[{"href":"https:\/\/elluchador.info\/index.php?rest_route=%2Fwp%2Fv2%2Fmedia&parent=288035"}],"wp:term":[{"taxonomy":"category","embeddable":true,"href":"https:\/\/elluchador.info\/index.php?rest_route=%2Fwp%2Fv2%2Fcategories&post=288035"},{"taxonomy":"post_tag","embeddable":true,"href":"https:\/\/elluchador.info\/index.php?rest_route=%2Fwp%2Fv2%2Ftags&post=288035"}],"curies":[{"name":"wp","href":"https:\/\/api.w.org\/{rel}","templated":true}]}}