{"id":288118,"date":"2025-08-27T07:48:47","date_gmt":"2025-08-27T11:48:47","guid":{"rendered":"https:\/\/elluchador.info\/?p=288118"},"modified":"2025-08-27T07:48:50","modified_gmt":"2025-08-27T11:48:50","slug":"invitan-a-participar-en-la-cena-de-las-rosas-en-honor-a-la-virgen-del-valle","status":"publish","type":"post","link":"https:\/\/elluchador.info\/?p=288118","title":{"rendered":"Invitan a participar en la Cena de las Rosas en honor a la Virgen del Valle"},"content":{"rendered":"\n<p>\u200eCada 8 de septiembre, la feligres\u00eda venezolana celebra a su Vallita, un evento que como lo destaca el padre Darwin Chona, trascendi\u00f3 fronteras: \u201cporque donde hay un venezolano, ah\u00ed se celebra a nuestra Madre, la Virgen del Valle\u201d.<br>\u200e<br>\u200eCiudad Bol\u00edvar prepara varios eventos que celebrar\u00e1n a la patrona del oriente de Venezuela; el equipo de la parroquia Virgen del Valle ofreci\u00f3 una rueda de prensa para dar a conocer los detalles de los eventos relacionados a la conmemoraci\u00f3n 2025.<br>\u200e<br>\u200eIniciar\u00e1 este s\u00e1bado 30 de agosto, con la tradicional Cena de las Rosas, que este a\u00f1o se prev\u00e9 que supere las expectativas del 2024, \u201cdeseamos superar las 250 personas, ya tenemos un aforo de 150, tenemos a disposici\u00f3n entradas para disfrutar de este extraordinario evento\u201d, coment\u00f3 el padre Darwin, quien encabeza junto a un destacado equipo esta organizaci\u00f3n que a\u00f1o tras a\u00f1o asume las riendas de la gran celebraci\u00f3n que congrega a toda la ciudad.<br>\u200e<br>\u200eEste a\u00f1o la Cena de las Rosas, se llevar\u00e1 a cabo en el Sal\u00f3n Angostura del Hotel Laja Real, \u201chabr\u00e1 m\u00fasica, sorpresas, una gran celebraci\u00f3n en honor a nuestra Virgen, la idea es recabar los fondos necesarios para la gran conmemoraci\u00f3n del 8 de septiembre\u201d, apunt\u00f3 Aura La Rosa, miembro del equipo.<br>\u200e<br>\u200ePosteriormente, el viernes 6 de septiembre, habr\u00e1 una caminata desde la parroquia San Francisco de As\u00eds hasta la parroquia Virgen del Valle. \u201cEstamos convocando a toda la comunidad de nuestra ciudad a participar en cada una de las actividades que hemos preparado\u201d.<br>\u200e<br>\u200ePara m\u00e1s informaci\u00f3n y adquisici\u00f3n de entradas, las cuentas virgendelvalle.cbl devocionvallera y cenadelasrosas est\u00e1n a disposici\u00f3n.<br>\u200e<br>\u200e<br>\u200e<strong><em>Redacci\u00f3n<\/em><\/strong><\/p>\n","protected":false},"excerpt":{"rendered":"<p>\u200eCada 8 de septiembre, la feligres\u00eda venezolana celebra a su Vallita, un evento que como lo destaca el padre Darwin Chona, trascendi\u00f3 fronteras: \u201cporque donde hay un venezolano, ah\u00ed se celebra a nuestra Madre, la Virgen del Valle\u201d.\u200e\u200eCiudad Bol\u00edvar prepara varios eventos que celebrar\u00e1n a la patrona del oriente de Venezuela; el equipo de la [&hellip;]<\/p>\n","protected":false},"author":33,"featured_media":288119,"comment_status":"closed","ping_status":"closed","sticky":false,"template":"","format":"standard","meta":{"footnotes":""},"categories":[20],"tags":[185,4913,306,4914],"class_list":{"0":"post-288118","1":"post","2":"type-post","3":"status-publish","4":"format-standard","5":"has-post-thumbnail","7":"category-municipal","8":"tag-bolivar","9":"tag-cena-de-las-rosas","10":"tag-ciudad-bolivar","11":"tag-virgen-del-valle"},"_links":{"self":[{"href":"https:\/\/elluchador.info\/index.php?rest_route=\/wp\/v2\/posts\/288118","targetHints":{"allow":["GET"]}}],"collection":[{"href":"https:\/\/elluchador.info\/index.php?rest_route=\/wp\/v2\/posts"}],"about":[{"href":"https:\/\/elluchador.info\/index.php?rest_route=\/wp\/v2\/types\/post"}],"author":[{"embeddable":true,"href":"https:\/\/elluchador.info\/index.php?rest_route=\/wp\/v2\/users\/33"}],"replies":[{"embeddable":true,"href":"https:\/\/elluchador.info\/index.php?rest_route=%2Fwp%2Fv2%2Fcomments&post=288118"}],"version-history":[{"count":1,"href":"https:\/\/elluchador.info\/index.php?rest_route=\/wp\/v2\/posts\/288118\/revisions"}],"predecessor-version":[{"id":288120,"href":"https:\/\/elluchador.info\/index.php?rest_route=\/wp\/v2\/posts\/288118\/revisions\/288120"}],"wp:featuredmedia":[{"embeddable":true,"href":"https:\/\/elluchador.info\/index.php?rest_route=\/wp\/v2\/media\/288119"}],"wp:attachment":[{"href":"https:\/\/elluchador.info\/index.php?rest_route=%2Fwp%2Fv2%2Fmedia&parent=288118"}],"wp:term":[{"taxonomy":"category","embeddable":true,"href":"https:\/\/elluchador.info\/index.php?rest_route=%2Fwp%2Fv2%2Fcategories&post=288118"},{"taxonomy":"post_tag","embeddable":true,"href":"https:\/\/elluchador.info\/index.php?rest_route=%2Fwp%2Fv2%2Ftags&post=288118"}],"curies":[{"name":"wp","href":"https:\/\/api.w.org\/{rel}","templated":true}]}}