{"id":288124,"date":"2025-08-27T09:29:13","date_gmt":"2025-08-27T13:29:13","guid":{"rendered":"https:\/\/elluchador.info\/?p=288124"},"modified":"2025-08-27T09:29:16","modified_gmt":"2025-08-27T13:29:16","slug":"argentina-declara-al-cartel-de-los-soles-como-organizacion-terrorista","status":"publish","type":"post","link":"https:\/\/elluchador.info\/?p=288124","title":{"rendered":"Argentina declara al \u2018C\u00e1rtel de los Soles\u2019 como organizaci\u00f3n terrorista"},"content":{"rendered":"\n<p>\u200eLa tarde de este martes, 26 de agosto, la Canciller\u00eda de Argentina anunci\u00f3 la designaci\u00f3n formal del \u2018C\u00e1rtel de los Soles\u2019 como \u00aborganizaci\u00f3n terrorista\u00bb, una decisi\u00f3n que ya hab\u00eda sido revelada la semana pasada por el exvicepresidente argentino y ahora analista pol\u00edtico Carlos Ruckauf.<br>\u200e<br>\u200e\u00abEn el marco de los compromisos internacionales asumidos por la Rep\u00fablica Argentina en materia de lucha contra el terrorismo y su financiamiento, y en cumplimiento de la normativa nacional vigente, el gobierno nacional dispuso la incorporaci\u00f3n de la organizaci\u00f3n criminal transnacional conocida como \u2018C\u00e1rtel de los Soles\u2019 al Registro P\u00fablico de Personas y Entidades vinculadas a Actos de Terrorismo y su Financiamiento (Repet), dependiente del Ministerio de Justicia\u00ab, dice el texto difundido por la Canciller\u00eda.<br>\u200e<br>\u200eY explica que la decisi\u00f3n fue adoptada en coordinaci\u00f3n entre el Ministerio de Relaciones Exteriores, el de Comercio Internacional y Culto, el de Seguridad Nacional y el de Justicia.<br>\u200e<br>\u200eEsta designaci\u00f3n \u00abse fundamenta en informes oficiales que acreditan actividades il\u00edcitas de car\u00e1cter transnacional, entre ellas narcotr\u00e1fico, contrabando y explotaci\u00f3n ilegal de recursos naturales, as\u00ed como v\u00ednculos con otras estructuras criminales en la regi\u00f3n\u00ab, a\u00f1ade.<br>\u200e<br>\u200eEl comunicado declara que con esta medida, Argentina fortalece los mecanismos preventivos y sancionatorios frente a operaciones de financiamiento vinculadas al terrorismo y al crimen organizado.<br>\u200e<br>\u200e\u00abTambi\u00e9n refuerza la cooperaci\u00f3n internacional en materia de seguridad y justicia, en estrecha coordinaci\u00f3n con socios regionales y multilaterales. Y reafirma su compromiso con la paz, la estabilidad y la seguridad hemisf\u00e9rica, en el marco del respeto al derecho internacional y a los instrumentos multilaterales aplicables\u00bb, se lee en el texto.<br>\u200e<br>\u200eY detalla que la inscripci\u00f3n en el Repet habilita la aplicaci\u00f3n de sanciones financieras y restricciones operativas destinadas a limitar la capacidad de acci\u00f3n de estas organizaciones criminales, al tiempo que protege al sistema financiero argentino de ser utilizado con fines il\u00edcitos.<br>\u200e<br>\u200eEl presidente Javier Milei se refiri\u00f3 a esta decisi\u00f3n con un breve mensaje: \u00abDel lado correcto de la vida. Fin\u00bb.<br>\u200e<br>\u200e<br>\u200eCon informaci\u00f3n <strong><em>Agencias-.<\/em><\/strong><\/p>\n","protected":false},"excerpt":{"rendered":"<p>\u200eLa tarde de este martes, 26 de agosto, la Canciller\u00eda de Argentina anunci\u00f3 la designaci\u00f3n formal del \u2018C\u00e1rtel de los Soles\u2019 como \u00aborganizaci\u00f3n terrorista\u00bb, una decisi\u00f3n que ya hab\u00eda sido revelada la semana pasada por el exvicepresidente argentino y ahora analista pol\u00edtico Carlos Ruckauf.\u200e\u200e\u00abEn el marco de los compromisos internacionales asumidos por la Rep\u00fablica Argentina [&hellip;]<\/p>\n","protected":false},"author":33,"featured_media":288125,"comment_status":"closed","ping_status":"closed","sticky":false,"template":"","format":"standard","meta":{"footnotes":""},"categories":[8],"tags":[4899,448],"class_list":{"0":"post-288124","1":"post","2":"type-post","3":"status-publish","4":"format-standard","5":"has-post-thumbnail","7":"category-internacionales","8":"tag-cartel-de-los-soles","9":"tag-mundo"},"_links":{"self":[{"href":"https:\/\/elluchador.info\/index.php?rest_route=\/wp\/v2\/posts\/288124","targetHints":{"allow":["GET"]}}],"collection":[{"href":"https:\/\/elluchador.info\/index.php?rest_route=\/wp\/v2\/posts"}],"about":[{"href":"https:\/\/elluchador.info\/index.php?rest_route=\/wp\/v2\/types\/post"}],"author":[{"embeddable":true,"href":"https:\/\/elluchador.info\/index.php?rest_route=\/wp\/v2\/users\/33"}],"replies":[{"embeddable":true,"href":"https:\/\/elluchador.info\/index.php?rest_route=%2Fwp%2Fv2%2Fcomments&post=288124"}],"version-history":[{"count":1,"href":"https:\/\/elluchador.info\/index.php?rest_route=\/wp\/v2\/posts\/288124\/revisions"}],"predecessor-version":[{"id":288126,"href":"https:\/\/elluchador.info\/index.php?rest_route=\/wp\/v2\/posts\/288124\/revisions\/288126"}],"wp:featuredmedia":[{"embeddable":true,"href":"https:\/\/elluchador.info\/index.php?rest_route=\/wp\/v2\/media\/288125"}],"wp:attachment":[{"href":"https:\/\/elluchador.info\/index.php?rest_route=%2Fwp%2Fv2%2Fmedia&parent=288124"}],"wp:term":[{"taxonomy":"category","embeddable":true,"href":"https:\/\/elluchador.info\/index.php?rest_route=%2Fwp%2Fv2%2Fcategories&post=288124"},{"taxonomy":"post_tag","embeddable":true,"href":"https:\/\/elluchador.info\/index.php?rest_route=%2Fwp%2Fv2%2Ftags&post=288124"}],"curies":[{"name":"wp","href":"https:\/\/api.w.org\/{rel}","templated":true}]}}