{"id":288131,"date":"2025-08-27T09:50:12","date_gmt":"2025-08-27T13:50:12","guid":{"rendered":"https:\/\/elluchador.info\/?p=288131"},"modified":"2025-08-27T09:50:16","modified_gmt":"2025-08-27T13:50:16","slug":"amazonas-mas-de-100-familias-regresaron-a-sus-hogares-luego-de-la-crecida-del-rio-orinoco","status":"publish","type":"post","link":"https:\/\/elluchador.info\/?p=288131","title":{"rendered":"Amazonas | M\u00e1s de 100 familias regresaron a sus hogares luego de la crecida del r\u00edo Orinoco"},"content":{"rendered":"\n<p>\u200eEl gobernador del estado Amazonas, Miguel Rodr\u00edguez, inform\u00f3 que 119 familias regresaron a sus hogares luego de que pasaran casi dos meses en albergues temporales por la crecida del r\u00edo Orinoco que hab\u00eda inundado sus hogares.<br>\u200e<br>\u200eEl mandatario indic\u00f3 que el retorno de estas personas se dio en los municipios Atures, Autana y Atabapo. Tambi\u00e9n a\u00f1adi\u00f3 que, en los pr\u00f3ximos d\u00edas, la gobernaci\u00f3n comenzar\u00e1 el proceso de evaluaci\u00f3n y recuperaci\u00f3n de las casas. <\/p>\n\n\n\n<figure class=\"wp-block-gallery has-nested-images columns-default is-cropped wp-block-gallery-1 is-layout-flex wp-block-gallery-is-layout-flex\">\n<figure class=\"wp-block-image size-large\"><img loading=\"lazy\" decoding=\"async\" width=\"1024\" height=\"768\" data-id=\"288132\" src=\"https:\/\/elluchador.info\/wp-content\/uploads\/2025\/08\/FB_IMG_1756302291695-1024x768.jpg\" alt=\"\" class=\"wp-image-288132\" srcset=\"https:\/\/elluchador.info\/wp-content\/uploads\/2025\/08\/FB_IMG_1756302291695-1024x768.jpg 1024w, https:\/\/elluchador.info\/wp-content\/uploads\/2025\/08\/FB_IMG_1756302291695-300x225.jpg 300w, https:\/\/elluchador.info\/wp-content\/uploads\/2025\/08\/FB_IMG_1756302291695-768x576.jpg 768w, https:\/\/elluchador.info\/wp-content\/uploads\/2025\/08\/FB_IMG_1756302291695-150x113.jpg 150w, https:\/\/elluchador.info\/wp-content\/uploads\/2025\/08\/FB_IMG_1756302291695-696x522.jpg 696w, https:\/\/elluchador.info\/wp-content\/uploads\/2025\/08\/FB_IMG_1756302291695-1068x801.jpg 1068w, https:\/\/elluchador.info\/wp-content\/uploads\/2025\/08\/FB_IMG_1756302291695.jpg 1080w\" sizes=\"auto, (max-width: 1024px) 100vw, 1024px\" \/><\/figure>\n\n\n\n<figure class=\"wp-block-image size-large\"><img loading=\"lazy\" decoding=\"async\" width=\"1016\" height=\"762\" data-id=\"288133\" src=\"https:\/\/elluchador.info\/wp-content\/uploads\/2025\/08\/FB_IMG_1756302313787.jpg\" alt=\"\" class=\"wp-image-288133\" srcset=\"https:\/\/elluchador.info\/wp-content\/uploads\/2025\/08\/FB_IMG_1756302313787.jpg 1016w, https:\/\/elluchador.info\/wp-content\/uploads\/2025\/08\/FB_IMG_1756302313787-300x225.jpg 300w, https:\/\/elluchador.info\/wp-content\/uploads\/2025\/08\/FB_IMG_1756302313787-768x576.jpg 768w, https:\/\/elluchador.info\/wp-content\/uploads\/2025\/08\/FB_IMG_1756302313787-150x113.jpg 150w, https:\/\/elluchador.info\/wp-content\/uploads\/2025\/08\/FB_IMG_1756302313787-696x522.jpg 696w\" sizes=\"auto, (max-width: 1016px) 100vw, 1016px\" \/><\/figure>\n<\/figure>\n\n\n\n<p>\u200eEn la ciudad de Puerto Ayacucho se han registrado intensas precipitaciones en las \u00faltimas horas; sin embargo, el nivel del r\u00edo contin\u00faa bajando.<br>\u200e<br>\u200eSeg\u00fan la estaci\u00f3n hidrom\u00e9trica, actualmente est\u00e1 en 52.04 metros sobre el nivel del mar, lo que significa que baj\u00f3 1.46 metros con respecto al m\u00e1ximo alcanzado este a\u00f1o que fue de 53.50 metros.<br>\u200e<br>\u200eCon informaci\u00f3n <strong><em>\u00daR<\/em><\/strong><\/p>\n","protected":false},"excerpt":{"rendered":"<p>\u200eEl gobernador del estado Amazonas, Miguel Rodr\u00edguez, inform\u00f3 que 119 familias regresaron a sus hogares luego de que pasaran casi dos meses en albergues temporales por la crecida del r\u00edo Orinoco que hab\u00eda inundado sus hogares.\u200e\u200eEl mandatario indic\u00f3 que el retorno de estas personas se dio en los municipios Atures, Autana y Atabapo. Tambi\u00e9n a\u00f1adi\u00f3 [&hellip;]<\/p>\n","protected":false},"author":33,"featured_media":288134,"comment_status":"closed","ping_status":"closed","sticky":false,"template":"","format":"standard","meta":{"footnotes":""},"categories":[12],"tags":[2492,759,4559],"class_list":{"0":"post-288131","1":"post","2":"type-post","3":"status-publish","4":"format-standard","5":"has-post-thumbnail","7":"category-regionales","8":"tag-amazonas","9":"tag-familias","10":"tag-rio-orinoco-2"},"_links":{"self":[{"href":"https:\/\/elluchador.info\/index.php?rest_route=\/wp\/v2\/posts\/288131","targetHints":{"allow":["GET"]}}],"collection":[{"href":"https:\/\/elluchador.info\/index.php?rest_route=\/wp\/v2\/posts"}],"about":[{"href":"https:\/\/elluchador.info\/index.php?rest_route=\/wp\/v2\/types\/post"}],"author":[{"embeddable":true,"href":"https:\/\/elluchador.info\/index.php?rest_route=\/wp\/v2\/users\/33"}],"replies":[{"embeddable":true,"href":"https:\/\/elluchador.info\/index.php?rest_route=%2Fwp%2Fv2%2Fcomments&post=288131"}],"version-history":[{"count":1,"href":"https:\/\/elluchador.info\/index.php?rest_route=\/wp\/v2\/posts\/288131\/revisions"}],"predecessor-version":[{"id":288135,"href":"https:\/\/elluchador.info\/index.php?rest_route=\/wp\/v2\/posts\/288131\/revisions\/288135"}],"wp:featuredmedia":[{"embeddable":true,"href":"https:\/\/elluchador.info\/index.php?rest_route=\/wp\/v2\/media\/288134"}],"wp:attachment":[{"href":"https:\/\/elluchador.info\/index.php?rest_route=%2Fwp%2Fv2%2Fmedia&parent=288131"}],"wp:term":[{"taxonomy":"category","embeddable":true,"href":"https:\/\/elluchador.info\/index.php?rest_route=%2Fwp%2Fv2%2Fcategories&post=288131"},{"taxonomy":"post_tag","embeddable":true,"href":"https:\/\/elluchador.info\/index.php?rest_route=%2Fwp%2Fv2%2Ftags&post=288131"}],"curies":[{"name":"wp","href":"https:\/\/api.w.org\/{rel}","templated":true}]}}