{"id":288162,"date":"2025-08-27T12:55:17","date_gmt":"2025-08-27T16:55:17","guid":{"rendered":"https:\/\/elluchador.info\/?p=288162"},"modified":"2025-08-27T12:55:22","modified_gmt":"2025-08-27T16:55:22","slug":"venezuela-anuncia-los-convocados-para-la-ultima-fecha-de-las-eliminatorias","status":"publish","type":"post","link":"https:\/\/elluchador.info\/?p=288162","title":{"rendered":"Venezuela anuncia los convocados para la \u00faltima fecha de las Eliminatorias"},"content":{"rendered":"\n<p>El seleccionador nacional de Venezuela, Fernando \u00abBocha\u00bb Batista, eligi\u00f3 a sus 32 convocados para la \u00faltima doble fecha de las Eliminatorias de Conmebol al Mundial Norteam\u00e9rica 2026, donde la \u2018Vinotinto\u2019 se medir\u00e1 en calidad de visitante a Argentina el 4 de septiembre y cinco d\u00edas despu\u00e9s en casa ante Colombia.<\/p>\n\n\n\n<p>Los nombres como Yeferson Soteldo, Jos\u00e9 Salom\u00f3n Rond\u00f3n; ahora como jugadores de Fluminense y Real Oviedo de Espa\u00f1a, Rafael Romo en la porter\u00eda, Jefferson Savarino, que ya han sido habituales en el ciclo Batista, vuelven a figurar dentro de la convocatoria.<\/p>\n\n\n\n<p>Por su parte, Kevin Kelsy, Carlos Faya, Gleiker Mendoza, Jhon Murillo, Dani Pereira, Ronald Hern\u00e1ndez y Cristopher Varela son las principales novedades.<\/p>\n\n\n\n<p>Causa alivio la presencia de Jos\u00e9 Andr\u00e9s \u00abEl Brujo\u00bb Mart\u00ednez, pese a haberse fracturado la mano izquierda en un entrenamiento del Corinthians. Rafa Romo y Jhon Chancellor tambi\u00e9n llegan entre algodones, mientras que Yangel Herrera y Jhonder C\u00e1diz son los principales ausentes, uno por una lesi\u00f3n en el tobillo que lo mantendr\u00e1 fuera de seis a ocho semanas y el otro por decisi\u00f3n t\u00e9cnica.<\/p>\n\n\n\n<p>Con informaci\u00f3n <strong>MinDeporte<\/strong><\/p>\n","protected":false},"excerpt":{"rendered":"<p>El seleccionador nacional de Venezuela, Fernando \u00abBocha\u00bb Batista, eligi\u00f3 a sus 32 convocados para la \u00faltima doble fecha de las Eliminatorias de Conmebol al Mundial Norteam\u00e9rica 2026, donde la \u2018Vinotinto\u2019 se medir\u00e1 en calidad de visitante a Argentina el 4 de septiembre y cinco d\u00edas despu\u00e9s en casa ante Colombia. Los nombres como Yeferson Soteldo, [&hellip;]<\/p>\n","protected":false},"author":33,"featured_media":288163,"comment_status":"closed","ping_status":"closed","sticky":false,"template":"","format":"standard","meta":{"footnotes":""},"categories":[4],"tags":[105,895],"class_list":{"0":"post-288162","1":"post","2":"type-post","3":"status-publish","4":"format-standard","5":"has-post-thumbnail","7":"category-deportes","8":"tag-venezuela","9":"tag-vinotinto"},"_links":{"self":[{"href":"https:\/\/elluchador.info\/index.php?rest_route=\/wp\/v2\/posts\/288162","targetHints":{"allow":["GET"]}}],"collection":[{"href":"https:\/\/elluchador.info\/index.php?rest_route=\/wp\/v2\/posts"}],"about":[{"href":"https:\/\/elluchador.info\/index.php?rest_route=\/wp\/v2\/types\/post"}],"author":[{"embeddable":true,"href":"https:\/\/elluchador.info\/index.php?rest_route=\/wp\/v2\/users\/33"}],"replies":[{"embeddable":true,"href":"https:\/\/elluchador.info\/index.php?rest_route=%2Fwp%2Fv2%2Fcomments&post=288162"}],"version-history":[{"count":1,"href":"https:\/\/elluchador.info\/index.php?rest_route=\/wp\/v2\/posts\/288162\/revisions"}],"predecessor-version":[{"id":288164,"href":"https:\/\/elluchador.info\/index.php?rest_route=\/wp\/v2\/posts\/288162\/revisions\/288164"}],"wp:featuredmedia":[{"embeddable":true,"href":"https:\/\/elluchador.info\/index.php?rest_route=\/wp\/v2\/media\/288163"}],"wp:attachment":[{"href":"https:\/\/elluchador.info\/index.php?rest_route=%2Fwp%2Fv2%2Fmedia&parent=288162"}],"wp:term":[{"taxonomy":"category","embeddable":true,"href":"https:\/\/elluchador.info\/index.php?rest_route=%2Fwp%2Fv2%2Fcategories&post=288162"},{"taxonomy":"post_tag","embeddable":true,"href":"https:\/\/elluchador.info\/index.php?rest_route=%2Fwp%2Fv2%2Ftags&post=288162"}],"curies":[{"name":"wp","href":"https:\/\/api.w.org\/{rel}","templated":true}]}}