{"id":288168,"date":"2025-08-27T14:31:30","date_gmt":"2025-08-27T18:31:30","guid":{"rendered":"https:\/\/elluchador.info\/?p=288168"},"modified":"2025-08-27T14:31:34","modified_gmt":"2025-08-27T18:31:34","slug":"ops-insta-a-reforzar-vacunacion-por-alza-de-casos-de-tosferina","status":"publish","type":"post","link":"https:\/\/elluchador.info\/?p=288168","title":{"rendered":"OPS insta a reforzar vacunaci\u00f3n por alza de casos de tosferina"},"content":{"rendered":"\n<p>Los casos de tosferina en las Am\u00e9ricas ascendieron dr\u00e1sticamente en el \u00faltimo a\u00f1o, por lo que la Organizaci\u00f3n Panamericana de la Salud (OPS) reiter\u00f3 la importancia de fortalecer la vacunaci\u00f3n y los sistemas de vigilancia.<\/p>\n\n\n\n<p>\u00abLa vacunaci\u00f3n, la vigilancia y el uso responsable de los antibi\u00f3ticos son fundamentales para evitar que la tosferina vuelva a convertirse en una amenaza grave de salud p\u00fablica. A\u00fan estamos a tiempo de contener este problema, pero necesitamos actuar: aumentar la cobertura vacunal, fortalecer la detecci\u00f3n temprana y mejorar nuestra capacidad de respuesta ante brotes\u201d, afirm\u00f3 la jefa del Programa Especial de Resistencia Antimicrobiana de la OPS, Pilar Ram\u00f3n-Pardo.<\/p>\n\n\n\n<p>Datos oficiales muestran que, de cuatro mil 139 casos reportados en 2023, la cifra se elev\u00f3 a 43 mil 751 en 2024, y en los primeros siete meses de 2025 se notificaron m\u00e1s de 18 mil 595 contagios y 128 defunciones en nueve pa\u00edses de la regi\u00f3n.<\/p>\n\n\n\n<p>Tambi\u00e9n conocida como coqueluche o tos convulsiva, esta enfermedad puede prevenirse con tres dosis de la vacuna DPT en ni\u00f1os menores de un a\u00f1o, y refuerzos durante la infancia y la adolescencia. Aun as\u00ed, en personas infectadas \u2014especialmente en lactantes\u2014 puede causar cuadros graves, con riesgo de complicaciones o incluso la muerte.<\/p>\n\n\n\n<p>Seg\u00fan los expertos, este resurgimiento est\u00e1 relacionado con la disminuci\u00f3n de las tasas de vacunaci\u00f3n y resalta la necesidad de reforzar la vigilancia activa y estandarizada.<\/p>\n\n\n\n<p>Desde 2024, se han reportado casos en Brasil, Estados Unidos, M\u00e9xico y Per\u00fa.<\/p>\n\n\n\n<p>Con informaci\u00f3n <strong><em>Prensa Latina<\/em><\/strong><\/p>\n","protected":false},"excerpt":{"rendered":"<p>Los casos de tosferina en las Am\u00e9ricas ascendieron dr\u00e1sticamente en el \u00faltimo a\u00f1o, por lo que la Organizaci\u00f3n Panamericana de la Salud (OPS) reiter\u00f3 la importancia de fortalecer la vacunaci\u00f3n y los sistemas de vigilancia. \u00abLa vacunaci\u00f3n, la vigilancia y el uso responsable de los antibi\u00f3ticos son fundamentales para evitar que la tosferina vuelva a [&hellip;]<\/p>\n","protected":false},"author":33,"featured_media":288169,"comment_status":"closed","ping_status":"closed","sticky":false,"template":"","format":"standard","meta":{"footnotes":""},"categories":[19],"tags":[280,4918,199],"class_list":{"0":"post-288168","1":"post","2":"type-post","3":"status-publish","4":"format-standard","5":"has-post-thumbnail","7":"category-salud","8":"tag-ops","9":"tag-tosferina","10":"tag-vacunacion"},"_links":{"self":[{"href":"https:\/\/elluchador.info\/index.php?rest_route=\/wp\/v2\/posts\/288168","targetHints":{"allow":["GET"]}}],"collection":[{"href":"https:\/\/elluchador.info\/index.php?rest_route=\/wp\/v2\/posts"}],"about":[{"href":"https:\/\/elluchador.info\/index.php?rest_route=\/wp\/v2\/types\/post"}],"author":[{"embeddable":true,"href":"https:\/\/elluchador.info\/index.php?rest_route=\/wp\/v2\/users\/33"}],"replies":[{"embeddable":true,"href":"https:\/\/elluchador.info\/index.php?rest_route=%2Fwp%2Fv2%2Fcomments&post=288168"}],"version-history":[{"count":1,"href":"https:\/\/elluchador.info\/index.php?rest_route=\/wp\/v2\/posts\/288168\/revisions"}],"predecessor-version":[{"id":288170,"href":"https:\/\/elluchador.info\/index.php?rest_route=\/wp\/v2\/posts\/288168\/revisions\/288170"}],"wp:featuredmedia":[{"embeddable":true,"href":"https:\/\/elluchador.info\/index.php?rest_route=\/wp\/v2\/media\/288169"}],"wp:attachment":[{"href":"https:\/\/elluchador.info\/index.php?rest_route=%2Fwp%2Fv2%2Fmedia&parent=288168"}],"wp:term":[{"taxonomy":"category","embeddable":true,"href":"https:\/\/elluchador.info\/index.php?rest_route=%2Fwp%2Fv2%2Fcategories&post=288168"},{"taxonomy":"post_tag","embeddable":true,"href":"https:\/\/elluchador.info\/index.php?rest_route=%2Fwp%2Fv2%2Ftags&post=288168"}],"curies":[{"name":"wp","href":"https:\/\/api.w.org\/{rel}","templated":true}]}}