{"id":288171,"date":"2025-08-27T15:19:45","date_gmt":"2025-08-27T19:19:45","guid":{"rendered":"https:\/\/elluchador.info\/?p=288171"},"modified":"2025-08-27T15:19:49","modified_gmt":"2025-08-27T19:19:49","slug":"retornaron-al-pais-200-connacionales-provenientes-desde-ee-uu","status":"publish","type":"post","link":"https:\/\/elluchador.info\/?p=288171","title":{"rendered":"Retornaron al pa\u00eds 200 connacionales provenientes desde EE. UU."},"content":{"rendered":"\n<p>Este mi\u00e9rcoles 27 de agosto, lleg\u00f3 el vuelo 62, proveniente de Texas, Estados Unidos, con 200 connacionales al Aeropuerto Internacional Sim\u00f3n Bol\u00edvar de Maiquet\u00eda en La Guaira, a trav\u00e9s del Plan Vuelta a la Patria.<\/p>\n\n\n\n<p>En dicho vuelo, arribaron 157 hombres, 42 mujeres y 1 ni\u00f1o. Los venezolanos fueron recibidos por los distintos organismos de seguridad y protecci\u00f3n civil del Estado.<\/p>\n\n\n\n<figure class=\"wp-block-gallery has-nested-images columns-default is-cropped wp-block-gallery-1 is-layout-flex wp-block-gallery-is-layout-flex\">\n<figure class=\"wp-block-image size-large\"><img loading=\"lazy\" decoding=\"async\" width=\"662\" height=\"406\" data-id=\"288172\" src=\"https:\/\/elluchador.info\/wp-content\/uploads\/2025\/08\/post-minjusticia_ve-aug-27-2025-1.jpeg\" alt=\"\" class=\"wp-image-288172\" srcset=\"https:\/\/elluchador.info\/wp-content\/uploads\/2025\/08\/post-minjusticia_ve-aug-27-2025-1.jpeg 662w, https:\/\/elluchador.info\/wp-content\/uploads\/2025\/08\/post-minjusticia_ve-aug-27-2025-1-300x184.jpeg 300w, https:\/\/elluchador.info\/wp-content\/uploads\/2025\/08\/post-minjusticia_ve-aug-27-2025-1-150x92.jpeg 150w\" sizes=\"auto, (max-width: 662px) 100vw, 662px\" \/><\/figure>\n\n\n\n<figure class=\"wp-block-image size-large\"><img loading=\"lazy\" decoding=\"async\" width=\"1024\" height=\"628\" data-id=\"288173\" src=\"https:\/\/elluchador.info\/wp-content\/uploads\/2025\/08\/post-minjusticia_ve-aug-27-2025-2-1024x628.jpeg\" alt=\"\" class=\"wp-image-288173\" srcset=\"https:\/\/elluchador.info\/wp-content\/uploads\/2025\/08\/post-minjusticia_ve-aug-27-2025-2-1024x628.jpeg 1024w, https:\/\/elluchador.info\/wp-content\/uploads\/2025\/08\/post-minjusticia_ve-aug-27-2025-2-300x184.jpeg 300w, https:\/\/elluchador.info\/wp-content\/uploads\/2025\/08\/post-minjusticia_ve-aug-27-2025-2-768x471.jpeg 768w, https:\/\/elluchador.info\/wp-content\/uploads\/2025\/08\/post-minjusticia_ve-aug-27-2025-2-150x92.jpeg 150w, https:\/\/elluchador.info\/wp-content\/uploads\/2025\/08\/post-minjusticia_ve-aug-27-2025-2-696x427.jpeg 696w, https:\/\/elluchador.info\/wp-content\/uploads\/2025\/08\/post-minjusticia_ve-aug-27-2025-2-1068x655.jpeg 1068w, https:\/\/elluchador.info\/wp-content\/uploads\/2025\/08\/post-minjusticia_ve-aug-27-2025-2.jpeg 1440w\" sizes=\"auto, (max-width: 1024px) 100vw, 1024px\" \/><\/figure>\n<\/figure>\n\n\n\n<p>Vale acotar, que el pasado viernes 22 de agosto, aterriz\u00f3 en La Guaira, el vuelo n\u00famero 61 procedente de Harlingen, Texas, con 184 ciudadanos venezolanos, conformada por 144 hombres, 18 mujeres, 10 ni\u00f1os y 12 ni\u00f1as.<\/p>\n\n\n\n<p>Con informaci\u00f3n <strong>AVN<\/strong><\/p>\n","protected":false},"excerpt":{"rendered":"<p>Este mi\u00e9rcoles 27 de agosto, lleg\u00f3 el vuelo 62, proveniente de Texas, Estados Unidos, con 200 connacionales al Aeropuerto Internacional Sim\u00f3n Bol\u00edvar de Maiquet\u00eda en La Guaira, a trav\u00e9s del Plan Vuelta a la Patria. En dicho vuelo, arribaron 157 hombres, 42 mujeres y 1 ni\u00f1o. Los venezolanos fueron recibidos por los distintos organismos de [&hellip;]<\/p>\n","protected":false},"author":33,"featured_media":288174,"comment_status":"closed","ping_status":"closed","sticky":false,"template":"","format":"standard","meta":{"footnotes":""},"categories":[5,9],"tags":[105,136],"class_list":{"0":"post-288171","1":"post","2":"type-post","3":"status-publish","4":"format-standard","5":"has-post-thumbnail","7":"category-destacado","8":"category-nacionales","9":"tag-venezuela","10":"tag-vuelos"},"_links":{"self":[{"href":"https:\/\/elluchador.info\/index.php?rest_route=\/wp\/v2\/posts\/288171","targetHints":{"allow":["GET"]}}],"collection":[{"href":"https:\/\/elluchador.info\/index.php?rest_route=\/wp\/v2\/posts"}],"about":[{"href":"https:\/\/elluchador.info\/index.php?rest_route=\/wp\/v2\/types\/post"}],"author":[{"embeddable":true,"href":"https:\/\/elluchador.info\/index.php?rest_route=\/wp\/v2\/users\/33"}],"replies":[{"embeddable":true,"href":"https:\/\/elluchador.info\/index.php?rest_route=%2Fwp%2Fv2%2Fcomments&post=288171"}],"version-history":[{"count":1,"href":"https:\/\/elluchador.info\/index.php?rest_route=\/wp\/v2\/posts\/288171\/revisions"}],"predecessor-version":[{"id":288175,"href":"https:\/\/elluchador.info\/index.php?rest_route=\/wp\/v2\/posts\/288171\/revisions\/288175"}],"wp:featuredmedia":[{"embeddable":true,"href":"https:\/\/elluchador.info\/index.php?rest_route=\/wp\/v2\/media\/288174"}],"wp:attachment":[{"href":"https:\/\/elluchador.info\/index.php?rest_route=%2Fwp%2Fv2%2Fmedia&parent=288171"}],"wp:term":[{"taxonomy":"category","embeddable":true,"href":"https:\/\/elluchador.info\/index.php?rest_route=%2Fwp%2Fv2%2Fcategories&post=288171"},{"taxonomy":"post_tag","embeddable":true,"href":"https:\/\/elluchador.info\/index.php?rest_route=%2Fwp%2Fv2%2Ftags&post=288171"}],"curies":[{"name":"wp","href":"https:\/\/api.w.org\/{rel}","templated":true}]}}