{"id":288403,"date":"2025-08-30T11:49:02","date_gmt":"2025-08-30T15:49:02","guid":{"rendered":"https:\/\/elluchador.info\/?p=288403"},"modified":"2025-08-30T11:49:08","modified_gmt":"2025-08-30T15:49:08","slug":"el-rio-orinoco-aumento-dos-centimetros-mas","status":"publish","type":"post","link":"https:\/\/elluchador.info\/?p=288403","title":{"rendered":"El r\u00edo Orinoco aument\u00f3 dos cent\u00edmetros m\u00e1s"},"content":{"rendered":"\n<p>\u200eContinua el aumento del r\u00edo Orinoco en Ciudad Bol\u00edvar, a pesar de que esta semana la cota bajo a un nivel de 18.06 msnm, a solo cuatro cent\u00edmetros de salir de la medida de emergencia, pero en los \u00faltimos tres d\u00edas se gener\u00f3 un aumento.<br>\u200e<br>\u200ePara este s\u00e1bado 30 de agosto el nivel del r\u00edo se encuentra en 18.12 metros sobre el nivel del mar.&nbsp;<br>\u200e<br>\u200eEsta medida representa dos cent\u00edmetros m\u00e1s que la \u00faltima medici\u00f3n del d\u00eda viernes 29 de agosto. De esta manera se mantiene en la zona roja, marcada en los 18 msnm.&nbsp;<br>\u200e<br>\u200eMientras, m\u00faltiples familias en diferentes sectores del estado Bol\u00edvar se encuentran afectadas por esta crecida.<br>\u200e<br>\u200ePor otro lado, el equipo de Hidro Bol\u00edvar inici\u00f3 los trabajos de rebombeo en el sector La Alameda, esperando regular el sistema de agua en el sector.<\/p>\n","protected":false},"excerpt":{"rendered":"<p>\u200eContinua el aumento del r\u00edo Orinoco en Ciudad Bol\u00edvar, a pesar de que esta semana la cota bajo a un nivel de 18.06 msnm, a solo cuatro cent\u00edmetros de salir de la medida de emergencia, pero en los \u00faltimos tres d\u00edas se gener\u00f3 un aumento.\u200e\u200ePara este s\u00e1bado 30 de agosto el nivel del r\u00edo se [&hellip;]<\/p>\n","protected":false},"author":33,"featured_media":288404,"comment_status":"closed","ping_status":"closed","sticky":false,"template":"","format":"standard","meta":{"footnotes":""},"categories":[5,12],"tags":[185,161],"class_list":{"0":"post-288403","1":"post","2":"type-post","3":"status-publish","4":"format-standard","5":"has-post-thumbnail","7":"category-destacado","8":"category-regionales","9":"tag-bolivar","10":"tag-orinoco"},"_links":{"self":[{"href":"https:\/\/elluchador.info\/index.php?rest_route=\/wp\/v2\/posts\/288403","targetHints":{"allow":["GET"]}}],"collection":[{"href":"https:\/\/elluchador.info\/index.php?rest_route=\/wp\/v2\/posts"}],"about":[{"href":"https:\/\/elluchador.info\/index.php?rest_route=\/wp\/v2\/types\/post"}],"author":[{"embeddable":true,"href":"https:\/\/elluchador.info\/index.php?rest_route=\/wp\/v2\/users\/33"}],"replies":[{"embeddable":true,"href":"https:\/\/elluchador.info\/index.php?rest_route=%2Fwp%2Fv2%2Fcomments&post=288403"}],"version-history":[{"count":1,"href":"https:\/\/elluchador.info\/index.php?rest_route=\/wp\/v2\/posts\/288403\/revisions"}],"predecessor-version":[{"id":288405,"href":"https:\/\/elluchador.info\/index.php?rest_route=\/wp\/v2\/posts\/288403\/revisions\/288405"}],"wp:featuredmedia":[{"embeddable":true,"href":"https:\/\/elluchador.info\/index.php?rest_route=\/wp\/v2\/media\/288404"}],"wp:attachment":[{"href":"https:\/\/elluchador.info\/index.php?rest_route=%2Fwp%2Fv2%2Fmedia&parent=288403"}],"wp:term":[{"taxonomy":"category","embeddable":true,"href":"https:\/\/elluchador.info\/index.php?rest_route=%2Fwp%2Fv2%2Fcategories&post=288403"},{"taxonomy":"post_tag","embeddable":true,"href":"https:\/\/elluchador.info\/index.php?rest_route=%2Fwp%2Fv2%2Ftags&post=288403"}],"curies":[{"name":"wp","href":"https:\/\/api.w.org\/{rel}","templated":true}]}}