{"id":288409,"date":"2025-08-30T12:31:44","date_gmt":"2025-08-30T16:31:44","guid":{"rendered":"https:\/\/elluchador.info\/?p=288409"},"modified":"2025-08-30T12:31:52","modified_gmt":"2025-08-30T16:31:52","slug":"matan-a-tiros-expresidente-de-la-rada-suprema-de-ucrania","status":"publish","type":"post","link":"https:\/\/elluchador.info\/?p=288409","title":{"rendered":"Matan a tiros expresidente de la Rada Suprema de Ucrania"},"content":{"rendered":"\n<p>\u200eEn la ciudad ucraniana de Lvov ha sido asesinado el pol\u00edtico y expresidente de la Rada Suprema (Parlamento ucraniano) Andr\u00e9i Parubi, report\u00f3 este s\u00e1bado la Polic\u00eda.<br>\u200e<br>\u200eSeg\u00fan el organismo, las fuerzas del orden ahora est\u00e1n estableciendo las circunstancias del asesinato de \u00abun activista pol\u00edtico y social\u00bb. Seg\u00fan detallaron, esta jornada, alrededor del mediod\u00eda, recibieron una llamada informando sobre un tiroteo en un distrito de Lvov.<br>\u200e<br>\u200e\u00bbComo resultado de las heridas recibidas, la v\u00edctima muri\u00f3 en el lugar. Se ha establecido que el fallecido es un conocido activista social y pol\u00edtico, nacido en 1971&#8243;, reza el comunicado.<br>\u200e<br>\u200eSeg\u00fan medios locales, el sospechoso del crimen ser\u00eda un repartidor. En redes sociales se ha difundido una foto del presunto asesino.\u00a0Adem\u00e1s, de acuerdo con informaci\u00f3n no verificada, el autor del asesinato dispar\u00f3 a Parubi ocho veces, despu\u00e9s guard\u00f3 la pistola en una bolsa y huy\u00f3 en una bicicleta el\u00e9ctrica.<br>\u200e<br>\u200eCon informaci\u00f3n <strong>Agencias-.<\/strong><\/p>\n","protected":false},"excerpt":{"rendered":"<p>\u200eEn la ciudad ucraniana de Lvov ha sido asesinado el pol\u00edtico y expresidente de la Rada Suprema (Parlamento ucraniano) Andr\u00e9i Parubi, report\u00f3 este s\u00e1bado la Polic\u00eda.\u200e\u200eSeg\u00fan el organismo, las fuerzas del orden ahora est\u00e1n estableciendo las circunstancias del asesinato de \u00abun activista pol\u00edtico y social\u00bb. Seg\u00fan detallaron, esta jornada, alrededor del mediod\u00eda, recibieron una llamada [&hellip;]<\/p>\n","protected":false},"author":33,"featured_media":288410,"comment_status":"closed","ping_status":"closed","sticky":false,"template":"","format":"standard","meta":{"footnotes":""},"categories":[8],"tags":[448,791],"class_list":{"0":"post-288409","1":"post","2":"type-post","3":"status-publish","4":"format-standard","5":"has-post-thumbnail","7":"category-internacionales","8":"tag-mundo","9":"tag-ucrania"},"_links":{"self":[{"href":"https:\/\/elluchador.info\/index.php?rest_route=\/wp\/v2\/posts\/288409","targetHints":{"allow":["GET"]}}],"collection":[{"href":"https:\/\/elluchador.info\/index.php?rest_route=\/wp\/v2\/posts"}],"about":[{"href":"https:\/\/elluchador.info\/index.php?rest_route=\/wp\/v2\/types\/post"}],"author":[{"embeddable":true,"href":"https:\/\/elluchador.info\/index.php?rest_route=\/wp\/v2\/users\/33"}],"replies":[{"embeddable":true,"href":"https:\/\/elluchador.info\/index.php?rest_route=%2Fwp%2Fv2%2Fcomments&post=288409"}],"version-history":[{"count":1,"href":"https:\/\/elluchador.info\/index.php?rest_route=\/wp\/v2\/posts\/288409\/revisions"}],"predecessor-version":[{"id":288411,"href":"https:\/\/elluchador.info\/index.php?rest_route=\/wp\/v2\/posts\/288409\/revisions\/288411"}],"wp:featuredmedia":[{"embeddable":true,"href":"https:\/\/elluchador.info\/index.php?rest_route=\/wp\/v2\/media\/288410"}],"wp:attachment":[{"href":"https:\/\/elluchador.info\/index.php?rest_route=%2Fwp%2Fv2%2Fmedia&parent=288409"}],"wp:term":[{"taxonomy":"category","embeddable":true,"href":"https:\/\/elluchador.info\/index.php?rest_route=%2Fwp%2Fv2%2Fcategories&post=288409"},{"taxonomy":"post_tag","embeddable":true,"href":"https:\/\/elluchador.info\/index.php?rest_route=%2Fwp%2Fv2%2Ftags&post=288409"}],"curies":[{"name":"wp","href":"https:\/\/api.w.org\/{rel}","templated":true}]}}