{"id":288537,"date":"2025-08-31T19:46:42","date_gmt":"2025-08-31T23:46:42","guid":{"rendered":"https:\/\/elluchador.info\/?p=288537"},"modified":"2025-08-31T19:46:46","modified_gmt":"2025-08-31T23:46:46","slug":"anuncian-cierre-temporal-de-las-vias-de-caracas-bolivar-y-delta-amacuro-este-1sep","status":"publish","type":"post","link":"https:\/\/elluchador.info\/?p=288537","title":{"rendered":"Anuncian cierre temporal de las v\u00edas de Caracas, Bol\u00edvar y Delta Amacuro este 1Sep"},"content":{"rendered":"\n<p>\u200eDe acuerdo a un comunicado en sus redes sociales, el Ministerio de Transporte inform\u00f3 que ser\u00e1n cerradas la Troncal 1 en Caracas y la Troncal 10 en Bol\u00edvar y Delta Amacuro debido a trabajos de rehabilitaci\u00f3n.<br>\u200e<br>\u200eEl texto reza que desde este 1 de septiembre hasta el 4 de octubre, la Troncal 01, sentido a la ciudad de Maracay estar\u00e1 parcialmente cerrada, la restricci\u00f3n se aplicar\u00e1 entre las 9:00 p.m. y las 5:00 a.m. en el puente del Distribuidor Las Gaviotas, parroquia Coche, por labores en las vigas de carga.<br>\u200e<br>\u200eAhora, la Troncal 10, que une los estados Bol\u00edvar y Delta Amacuro, experimentar\u00e1 un cierre total entre los sectores Santa B\u00e1rbara y El Silencio. En este caso, la medida estar\u00e1 vigente desde el 1 hasta el 7 de septiembre, y el desv\u00edo para el tr\u00e1nsito ser\u00e1 por el sector Crucero de Mata Negra, con salida en R\u00edo Tigre, v\u00eda Morichal. <\/p>\n\n\n<div class=\"wp-block-image\">\n<figure class=\"aligncenter size-large is-resized\"><img loading=\"lazy\" decoding=\"async\" width=\"898\" height=\"1024\" src=\"https:\/\/elluchador.info\/wp-content\/uploads\/2025\/08\/Screenshot_20250831-193630-898x1024.jpg\" alt=\"\" class=\"wp-image-288538\" style=\"width:589px;height:auto\" srcset=\"https:\/\/elluchador.info\/wp-content\/uploads\/2025\/08\/Screenshot_20250831-193630-898x1024.jpg 898w, https:\/\/elluchador.info\/wp-content\/uploads\/2025\/08\/Screenshot_20250831-193630-263x300.jpg 263w, https:\/\/elluchador.info\/wp-content\/uploads\/2025\/08\/Screenshot_20250831-193630-768x876.jpg 768w, https:\/\/elluchador.info\/wp-content\/uploads\/2025\/08\/Screenshot_20250831-193630-150x171.jpg 150w, https:\/\/elluchador.info\/wp-content\/uploads\/2025\/08\/Screenshot_20250831-193630-300x342.jpg 300w, https:\/\/elluchador.info\/wp-content\/uploads\/2025\/08\/Screenshot_20250831-193630-696x794.jpg 696w, https:\/\/elluchador.info\/wp-content\/uploads\/2025\/08\/Screenshot_20250831-193630-1068x1218.jpg 1068w, https:\/\/elluchador.info\/wp-content\/uploads\/2025\/08\/Screenshot_20250831-193630.jpg 1080w\" sizes=\"auto, (max-width: 898px) 100vw, 898px\" \/><\/figure>\n<\/div>\n\n\n<p>Por lo tanto, las autoridades hacen un llamado a los conductores a tomar precauciones y planificar sus rutas con antelaci\u00f3n debido a los desv\u00edos y los trabajos de mantenimiento.<br>\u200e<br>\u200eCon informaci\u00f3n <strong>AVN<\/strong><\/p>\n","protected":false},"excerpt":{"rendered":"<p>\u200eDe acuerdo a un comunicado en sus redes sociales, el Ministerio de Transporte inform\u00f3 que ser\u00e1n cerradas la Troncal 1 en Caracas y la Troncal 10 en Bol\u00edvar y Delta Amacuro debido a trabajos de rehabilitaci\u00f3n.\u200e\u200eEl texto reza que desde este 1 de septiembre hasta el 4 de octubre, la Troncal 01, sentido a la [&hellip;]<\/p>\n","protected":false},"author":33,"featured_media":288539,"comment_status":"closed","ping_status":"closed","sticky":false,"template":"","format":"standard","meta":{"footnotes":""},"categories":[9],"tags":[185,614,966,436],"class_list":{"0":"post-288537","1":"post","2":"type-post","3":"status-publish","4":"format-standard","5":"has-post-thumbnail","7":"category-nacionales","8":"tag-bolivar","9":"tag-caracas","10":"tag-delta-amacuro","11":"tag-troncal-10"},"_links":{"self":[{"href":"https:\/\/elluchador.info\/index.php?rest_route=\/wp\/v2\/posts\/288537","targetHints":{"allow":["GET"]}}],"collection":[{"href":"https:\/\/elluchador.info\/index.php?rest_route=\/wp\/v2\/posts"}],"about":[{"href":"https:\/\/elluchador.info\/index.php?rest_route=\/wp\/v2\/types\/post"}],"author":[{"embeddable":true,"href":"https:\/\/elluchador.info\/index.php?rest_route=\/wp\/v2\/users\/33"}],"replies":[{"embeddable":true,"href":"https:\/\/elluchador.info\/index.php?rest_route=%2Fwp%2Fv2%2Fcomments&post=288537"}],"version-history":[{"count":1,"href":"https:\/\/elluchador.info\/index.php?rest_route=\/wp\/v2\/posts\/288537\/revisions"}],"predecessor-version":[{"id":288540,"href":"https:\/\/elluchador.info\/index.php?rest_route=\/wp\/v2\/posts\/288537\/revisions\/288540"}],"wp:featuredmedia":[{"embeddable":true,"href":"https:\/\/elluchador.info\/index.php?rest_route=\/wp\/v2\/media\/288539"}],"wp:attachment":[{"href":"https:\/\/elluchador.info\/index.php?rest_route=%2Fwp%2Fv2%2Fmedia&parent=288537"}],"wp:term":[{"taxonomy":"category","embeddable":true,"href":"https:\/\/elluchador.info\/index.php?rest_route=%2Fwp%2Fv2%2Fcategories&post=288537"},{"taxonomy":"post_tag","embeddable":true,"href":"https:\/\/elluchador.info\/index.php?rest_route=%2Fwp%2Fv2%2Ftags&post=288537"}],"curies":[{"name":"wp","href":"https:\/\/api.w.org\/{rel}","templated":true}]}}