{"id":288541,"date":"2025-08-31T20:25:19","date_gmt":"2025-09-01T00:25:19","guid":{"rendered":"https:\/\/elluchador.info\/?p=288541"},"modified":"2025-08-31T20:25:22","modified_gmt":"2025-09-01T00:25:22","slug":"detenido-otro-implicado-en-el-asesinato-del-ex-candidato-colombiano-miguel-uribe","status":"publish","type":"post","link":"https:\/\/elluchador.info\/?p=288541","title":{"rendered":"Detenido otro implicado en el asesinato del ex candidato colombiano Miguel Uribe"},"content":{"rendered":"\n<p>\u200eLa Polic\u00eda de Colombia ha detenido este s\u00e1bado a Harold Daniel Barrag\u00e1n Ovalle en Bogot\u00e1 por su presunta participaci\u00f3n en el ataque contra el contra el senador y precandidato presidencial Miguel Uribe el pasado 7 de junio en un acto de campa\u00f1a, por el que finalmente perdi\u00f3 la vida.<br>\u200e<br>\u200e\u00bbProducto de las labores investigativas desplegadas por la Fiscal\u00eda General de la Naci\u00f3n para dar con los involucrados en el magnicidio del senador y precandidato presidencial Miguel Uribe Turbay, fue capturado en Bogot\u00e1 Harold Daniel Barrag\u00e1n Ovalle\u00bb, ha informado la Fiscal\u00eda de Colombia en un mensaje publicado en la red social X.<br>\u200e<br>\u200eEl detenido est\u00e1 acusado de organizar el plan de ataque contra Uribe Turbay y de haber sido el encargado de escoger al autor material de los hechos -el menor que dispar\u00f3 mortalmente al pol\u00edtico colombiano-.<br>\u200e<br>\u200eBarrag\u00e1n Ovalle pasar\u00e1 a disposici\u00f3n judicial y ser\u00e1 juzgado por los delitos de \u00abhomicidio agravado, concierto para delinquir agravado, uso de menores de edad para la comisi\u00f3n de delitos y fabricaci\u00f3n, tr\u00e1fico, porte o tenencia de armas de fuego agravado\u00bb.<br>\u200e<br>\u200eCon informaci\u00f3n <strong><em>Agencias-.<\/em><\/strong><\/p>\n","protected":false},"excerpt":{"rendered":"<p>\u200eLa Polic\u00eda de Colombia ha detenido este s\u00e1bado a Harold Daniel Barrag\u00e1n Ovalle en Bogot\u00e1 por su presunta participaci\u00f3n en el ataque contra el contra el senador y precandidato presidencial Miguel Uribe el pasado 7 de junio en un acto de campa\u00f1a, por el que finalmente perdi\u00f3 la vida.\u200e\u200e\u00bbProducto de las labores investigativas desplegadas por [&hellip;]<\/p>\n","protected":false},"author":33,"featured_media":288542,"comment_status":"closed","ping_status":"closed","sticky":false,"template":"","format":"standard","meta":{"footnotes":""},"categories":[8],"tags":[135,397,4359],"class_list":{"0":"post-288541","1":"post","2":"type-post","3":"status-publish","4":"format-standard","5":"has-post-thumbnail","7":"category-internacionales","8":"tag-asesinato","9":"tag-colombia","10":"tag-uribe"},"_links":{"self":[{"href":"https:\/\/elluchador.info\/index.php?rest_route=\/wp\/v2\/posts\/288541","targetHints":{"allow":["GET"]}}],"collection":[{"href":"https:\/\/elluchador.info\/index.php?rest_route=\/wp\/v2\/posts"}],"about":[{"href":"https:\/\/elluchador.info\/index.php?rest_route=\/wp\/v2\/types\/post"}],"author":[{"embeddable":true,"href":"https:\/\/elluchador.info\/index.php?rest_route=\/wp\/v2\/users\/33"}],"replies":[{"embeddable":true,"href":"https:\/\/elluchador.info\/index.php?rest_route=%2Fwp%2Fv2%2Fcomments&post=288541"}],"version-history":[{"count":1,"href":"https:\/\/elluchador.info\/index.php?rest_route=\/wp\/v2\/posts\/288541\/revisions"}],"predecessor-version":[{"id":288543,"href":"https:\/\/elluchador.info\/index.php?rest_route=\/wp\/v2\/posts\/288541\/revisions\/288543"}],"wp:featuredmedia":[{"embeddable":true,"href":"https:\/\/elluchador.info\/index.php?rest_route=\/wp\/v2\/media\/288542"}],"wp:attachment":[{"href":"https:\/\/elluchador.info\/index.php?rest_route=%2Fwp%2Fv2%2Fmedia&parent=288541"}],"wp:term":[{"taxonomy":"category","embeddable":true,"href":"https:\/\/elluchador.info\/index.php?rest_route=%2Fwp%2Fv2%2Fcategories&post=288541"},{"taxonomy":"post_tag","embeddable":true,"href":"https:\/\/elluchador.info\/index.php?rest_route=%2Fwp%2Fv2%2Ftags&post=288541"}],"curies":[{"name":"wp","href":"https:\/\/api.w.org\/{rel}","templated":true}]}}