{"id":288611,"date":"2025-09-01T15:34:22","date_gmt":"2025-09-01T19:34:22","guid":{"rendered":"https:\/\/elluchador.info\/?p=288611"},"modified":"2025-09-01T15:34:26","modified_gmt":"2025-09-01T19:34:26","slug":"celac-convoco-reunion-de-emergencia-ante-presencia-militar-de-ee-uu-en-el-caribe","status":"publish","type":"post","link":"https:\/\/elluchador.info\/?p=288611","title":{"rendered":"CELAC convoc\u00f3 reuni\u00f3n de emergencia ante presencia militar de EE.UU. en el Caribe"},"content":{"rendered":"\n<p>El Gobierno de Colombia, en su condici\u00f3n de presidente pro tempore de la Comunidad de Estados Latinoamericanos y Caribe\u00f1os (Celac), anunci\u00f3 la convocatoria de una reuni\u00f3n extraordinaria de cancilleres para este lunes en modalidad virtual, con el prop\u00f3sito de evaluar la situaci\u00f3n generada por el reciente despliegue de buques de guerra estadounidenses en aguas del Caribe, frente a Venezuela.<\/p>\n\n\n\n<p>Seg\u00fan precis\u00f3 el Ministerio de Relaciones Exteriores colombiano en un comunicado, el encuentro busca \u201cintercambiar puntos de vista y reflexiones sobre la coyuntura regional (\u2026) y abordar, de manera abierta y constructiva, las preocupaciones existentes en torno a los recientes movimientos militares en el Caribe y sus posibles implicaciones para la paz, la seguridad y la estabilidad regional\u201d.<\/p>\n\n\n\n<p><strong>Washington defiende su operaci\u00f3n naval<\/strong><\/p>\n\n\n\n<p>La Casa Blanca justific\u00f3 durante la semana esta movilizaci\u00f3n militar \u2014que incluye destructores, un crucero lanzamisiles y un submarino de ataque r\u00e1pido con propulsi\u00f3n nuclear\u2014 como parte de su estrategia de lucha contra el narcotr\u00e1fico. Adem\u00e1s, afirm\u00f3 que cuenta con el apoyo de varios gobiernos latinoamericanos.<\/p>\n\n\n\n<p>Por su parte, la canciller colombiana, Rosa Villavicencio, subray\u00f3 que con esta convocatoria se busca \u201creforzar los canales de di\u00e1logo y cooperaci\u00f3n, reconociendo que los desaf\u00edos transnacionales requieren respuestas conjuntas y coordinadas\u201d.<\/p>\n\n\n\n<p>La Celac, integrada por 33 pa\u00edses de Am\u00e9rica Latina y el Caribe y creada en 2010, funciona como un espacio de concertaci\u00f3n pol\u00edtica sin la participaci\u00f3n de Estados Unidos ni Canad\u00e1. Colombia asumi\u00f3 la presidencia temporal del organismo en abril y, hasta ahora, no se hab\u00eda manifestado sobre la operaci\u00f3n naval norteamericana.<\/p>\n\n\n\n<p>En el mismo comunicado, la canciller\u00eda record\u00f3 que \u201cla presidencia pro tempore subraya que Am\u00e9rica Latina y el Caribe han sido proclamadas como zona de paz, y que en ese esp\u00edritu se convoca a este di\u00e1logo ministerial, con la expectativa de contribuir a un mayor entendimiento y a la b\u00fasqueda de soluciones concertadas en beneficio de toda la regi\u00f3n\u201d.<\/p>\n\n\n\n<p><strong>Venezuela denuncia \u201cacciones hostiles\u201d<\/strong><\/p>\n\n\n\n<p>El despliegue militar estadounidense fue rechazado con firmeza por el Gobierno de Nicol\u00e1s Maduro, que lo calific\u00f3 como \u201cacciones hostiles\u201d y lo vincul\u00f3 con supuestos intentos de \u201ccambio de r\u00e9gimen\u201d.<\/p>\n\n\n\n<p>Estados Unidos, que recientemente duplic\u00f3 a 50 millones de d\u00f3lares la recompensa por informaci\u00f3n que conduzca a la captura del mandatario venezolano, acusa a Maduro de \u201cviolar las leyes de Estados Unidos sobre narc\u00f3ticos\u201d.<\/p>\n\n\n\n<p>Desde la ONU, Caracas alert\u00f3 que la presencia de un crucero lanzamisiles y un submarino nuclear de ataque r\u00e1pido en sus cercan\u00edas constituye \u201cuna grave amenaza a la paz y la seguridad regionales\u201d, en contravenci\u00f3n de instrumentos internacionales como el Tratado de Tlatelolco de 1967, que declar\u00f3 a Am\u00e9rica Latina y el Caribe zonas libres de armas nucleares.<\/p>\n\n\n\n<p>El ministro de Defensa, Vladimir Padrino, y la vicepresidenta, Delcy Rodr\u00edguez, denunciaron que la operaci\u00f3n de Washington busca \u201capoderarse del mar Caribe\u201d bajo el pretexto de la lucha contra el narcotr\u00e1fico.<\/p>\n\n\n\n<p>Con informaci\u00f3n<strong> Agencias.-<\/strong><\/p>\n","protected":false},"excerpt":{"rendered":"<p>El Gobierno de Colombia, en su condici\u00f3n de presidente pro tempore de la Comunidad de Estados Latinoamericanos y Caribe\u00f1os (Celac), anunci\u00f3 la convocatoria de una reuni\u00f3n extraordinaria de cancilleres para este lunes en modalidad virtual, con el prop\u00f3sito de evaluar la situaci\u00f3n generada por el reciente despliegue de buques de guerra estadounidenses en aguas del [&hellip;]<\/p>\n","protected":false},"author":33,"featured_media":288612,"comment_status":"closed","ping_status":"closed","sticky":false,"template":"","format":"standard","meta":{"footnotes":""},"categories":[5,8],"tags":[2933,397,352,4944],"class_list":{"0":"post-288611","1":"post","2":"type-post","3":"status-publish","4":"format-standard","5":"has-post-thumbnail","7":"category-destacado","8":"category-internacionales","9":"tag-celac","10":"tag-colombia","11":"tag-gobierno","12":"tag-naval"},"_links":{"self":[{"href":"https:\/\/elluchador.info\/index.php?rest_route=\/wp\/v2\/posts\/288611","targetHints":{"allow":["GET"]}}],"collection":[{"href":"https:\/\/elluchador.info\/index.php?rest_route=\/wp\/v2\/posts"}],"about":[{"href":"https:\/\/elluchador.info\/index.php?rest_route=\/wp\/v2\/types\/post"}],"author":[{"embeddable":true,"href":"https:\/\/elluchador.info\/index.php?rest_route=\/wp\/v2\/users\/33"}],"replies":[{"embeddable":true,"href":"https:\/\/elluchador.info\/index.php?rest_route=%2Fwp%2Fv2%2Fcomments&post=288611"}],"version-history":[{"count":1,"href":"https:\/\/elluchador.info\/index.php?rest_route=\/wp\/v2\/posts\/288611\/revisions"}],"predecessor-version":[{"id":288613,"href":"https:\/\/elluchador.info\/index.php?rest_route=\/wp\/v2\/posts\/288611\/revisions\/288613"}],"wp:featuredmedia":[{"embeddable":true,"href":"https:\/\/elluchador.info\/index.php?rest_route=\/wp\/v2\/media\/288612"}],"wp:attachment":[{"href":"https:\/\/elluchador.info\/index.php?rest_route=%2Fwp%2Fv2%2Fmedia&parent=288611"}],"wp:term":[{"taxonomy":"category","embeddable":true,"href":"https:\/\/elluchador.info\/index.php?rest_route=%2Fwp%2Fv2%2Fcategories&post=288611"},{"taxonomy":"post_tag","embeddable":true,"href":"https:\/\/elluchador.info\/index.php?rest_route=%2Fwp%2Fv2%2Ftags&post=288611"}],"curies":[{"name":"wp","href":"https:\/\/api.w.org\/{rel}","templated":true}]}}