{"id":288615,"date":"2025-09-01T15:46:23","date_gmt":"2025-09-01T19:46:23","guid":{"rendered":"https:\/\/elluchador.info\/?p=288615"},"modified":"2025-09-01T15:46:55","modified_gmt":"2025-09-01T19:46:55","slug":"dos-ondas-tropicales-llegaran-a-venezuela-en-los-proximos-dias","status":"publish","type":"post","link":"https:\/\/elluchador.info\/?p=288615","title":{"rendered":"Dos ondas tropicales llegar\u00e1n a Venezuela en los pr\u00f3ximos d\u00edas"},"content":{"rendered":"\n<p>El Instituto Nacional de Meteorolog\u00eda e Hidrolog\u00eda (Inameh) inform\u00f3 este 1 de septiembre, que tras el paso de la <em><strong>onda tropical n\u00famero 32<\/strong><\/em> -que ya sali\u00f3 de Venezuela y se desplaza por Panam\u00e1- se espera que en los pr\u00f3ximos d\u00edas lleguen al territorio nacional otros dos fen\u00f3menos de este tipo.<\/p>\n\n\n\n<p>En ese sentido, el organismo explic\u00f3 que actualmente, la <strong><em>onda tropical n\u00famero 33<\/em><\/strong> se desplaza por el Atl\u00e1ntico Central Tropical con una velocidad de 27 kil\u00f3metros por hora. Se espera que llegue al \u00e1rea de Guayana Esequiba entre el viernes, 5 de septiembre, y el s\u00e1bado 6.<\/p>\n\n\n<div class=\"wp-block-image\">\n<figure class=\"aligncenter size-full is-resized\"><img loading=\"lazy\" decoding=\"async\" width=\"800\" height=\"640\" src=\"https:\/\/elluchador.info\/wp-content\/uploads\/2025\/09\/21.webp\" alt=\"\" class=\"wp-image-288616\" style=\"width:626px;height:auto\" srcset=\"https:\/\/elluchador.info\/wp-content\/uploads\/2025\/09\/21.webp 800w, https:\/\/elluchador.info\/wp-content\/uploads\/2025\/09\/21-300x240.webp 300w, https:\/\/elluchador.info\/wp-content\/uploads\/2025\/09\/21-768x614.webp 768w, https:\/\/elluchador.info\/wp-content\/uploads\/2025\/09\/21-150x120.webp 150w, https:\/\/elluchador.info\/wp-content\/uploads\/2025\/09\/21-696x557.webp 696w\" sizes=\"auto, (max-width: 800px) 100vw, 800px\" \/><\/figure>\n<\/div>\n\n\n<p>Por su parte, la <strong><em>onda tropical n\u00famero 34<\/em><\/strong> est\u00e1 saliendo de las costas africanas, con un desplazamiento de 27 kil\u00f3metros por hora. Se pronostica que llegar\u00e1 a Guayana Esequiba entre el mi\u00e9rcoles 10 de septiembre y el jueves 11.<\/p>\n\n\n\n<p>Con informaci\u00f3n <strong>Sumarium<\/strong><\/p>\n","protected":false},"excerpt":{"rendered":"<p>El Instituto Nacional de Meteorolog\u00eda e Hidrolog\u00eda (Inameh) inform\u00f3 este 1 de septiembre, que tras el paso de la onda tropical n\u00famero 32 -que ya sali\u00f3 de Venezuela y se desplaza por Panam\u00e1- se espera que en los pr\u00f3ximos d\u00edas lleguen al territorio nacional otros dos fen\u00f3menos de este tipo. En ese sentido, el organismo [&hellip;]<\/p>\n","protected":false},"author":33,"featured_media":275667,"comment_status":"closed","ping_status":"closed","sticky":false,"template":"","format":"standard","meta":{"footnotes":""},"categories":[9],"tags":[180,105],"class_list":{"0":"post-288615","1":"post","2":"type-post","3":"status-publish","4":"format-standard","5":"has-post-thumbnail","7":"category-nacionales","8":"tag-clima","9":"tag-venezuela"},"_links":{"self":[{"href":"https:\/\/elluchador.info\/index.php?rest_route=\/wp\/v2\/posts\/288615","targetHints":{"allow":["GET"]}}],"collection":[{"href":"https:\/\/elluchador.info\/index.php?rest_route=\/wp\/v2\/posts"}],"about":[{"href":"https:\/\/elluchador.info\/index.php?rest_route=\/wp\/v2\/types\/post"}],"author":[{"embeddable":true,"href":"https:\/\/elluchador.info\/index.php?rest_route=\/wp\/v2\/users\/33"}],"replies":[{"embeddable":true,"href":"https:\/\/elluchador.info\/index.php?rest_route=%2Fwp%2Fv2%2Fcomments&post=288615"}],"version-history":[{"count":1,"href":"https:\/\/elluchador.info\/index.php?rest_route=\/wp\/v2\/posts\/288615\/revisions"}],"predecessor-version":[{"id":288617,"href":"https:\/\/elluchador.info\/index.php?rest_route=\/wp\/v2\/posts\/288615\/revisions\/288617"}],"wp:featuredmedia":[{"embeddable":true,"href":"https:\/\/elluchador.info\/index.php?rest_route=\/wp\/v2\/media\/275667"}],"wp:attachment":[{"href":"https:\/\/elluchador.info\/index.php?rest_route=%2Fwp%2Fv2%2Fmedia&parent=288615"}],"wp:term":[{"taxonomy":"category","embeddable":true,"href":"https:\/\/elluchador.info\/index.php?rest_route=%2Fwp%2Fv2%2Fcategories&post=288615"},{"taxonomy":"post_tag","embeddable":true,"href":"https:\/\/elluchador.info\/index.php?rest_route=%2Fwp%2Fv2%2Ftags&post=288615"}],"curies":[{"name":"wp","href":"https:\/\/api.w.org\/{rel}","templated":true}]}}