{"id":288998,"date":"2025-09-08T09:13:19","date_gmt":"2025-09-08T13:13:19","guid":{"rendered":"https:\/\/elluchador.info\/?p=288998"},"modified":"2025-09-08T09:14:41","modified_gmt":"2025-09-08T13:14:41","slug":"autoridades-pronostican-cielo-nublado-en-gran-parte-del-pais","status":"publish","type":"post","link":"https:\/\/elluchador.info\/?p=288998","title":{"rendered":"Autoridades pronostican cielo nublado en gran parte del pa\u00eds"},"content":{"rendered":"\n<p>El Instituto Nacional de Meteorolog\u00eda e Hidrolog\u00eda (Inameh), ha informado que se esperan mantos nubosos y lluvias de variada intensidad en gran parte del pa\u00eds durante la jornada de este lunes.<\/p>\n\n\n\n<p>El pron\u00f3stico, compartido a trav\u00e9s de la cuenta de Instagram del organismo, detalla las condiciones clim\u00e1ticas esperadas para la madrugada, la ma\u00f1ana, la tarde y la noche.<\/p>\n\n\n\n<p>Durante la madrugada y la ma\u00f1ana, se prev\u00e9n lloviznas dispersas y de intensidad variable, principalmente en los estados de Bol\u00edvar, Amazonas, Delta Amacuro, Llanos Occidentales y Centrales, Carabobo, Aragua, La Gran Caracas, Andes y Zulia.<\/p>\n\n\n\n<p>Mientras que para la tarde y la noche, se estima un aumento de la cobertura nubosa en casi todo el territorio nacional. Esto podr\u00eda generar lluvias y chubascos, con posible actividad tormentosa. Las zonas m\u00e1s afectadas ser\u00edan Bol\u00edvar, Amazonas, norte de Delta Amacuro, Monagas y Anzo\u00e1tegui, la Regi\u00f3n Insular, los Llanos Centrales, La Gran Caracas, Aragua, Carabobo, Centro Occidente, este de Apure, Portuguesa, los Andes y el Zulia.<\/p>\n\n\n\n<p>Se recomienda a la poblaci\u00f3n mantenerse informada a trav\u00e9s de los canales oficiales del Inameh y tomar las precauciones necesarias ante las condiciones clim\u00e1ticas.<\/p>\n\n\n\n<p>Con informaci\u00f3n de <strong>agencias<\/strong><\/p>\n","protected":false},"excerpt":{"rendered":"<p>El Instituto Nacional de Meteorolog\u00eda e Hidrolog\u00eda (Inameh), ha informado que se esperan mantos nubosos y lluvias de variada intensidad en gran parte del pa\u00eds durante la jornada de este lunes. El pron\u00f3stico, compartido a trav\u00e9s de la cuenta de Instagram del organismo, detalla las condiciones clim\u00e1ticas esperadas para la madrugada, la ma\u00f1ana, la tarde [&hellip;]<\/p>\n","protected":false},"author":38,"featured_media":288999,"comment_status":"closed","ping_status":"","sticky":false,"template":"","format":"standard","meta":{"footnotes":""},"categories":[9],"tags":[105],"class_list":{"0":"post-288998","1":"post","2":"type-post","3":"status-publish","4":"format-standard","5":"has-post-thumbnail","7":"category-nacionales","8":"tag-venezuela"},"_links":{"self":[{"href":"https:\/\/elluchador.info\/index.php?rest_route=\/wp\/v2\/posts\/288998","targetHints":{"allow":["GET"]}}],"collection":[{"href":"https:\/\/elluchador.info\/index.php?rest_route=\/wp\/v2\/posts"}],"about":[{"href":"https:\/\/elluchador.info\/index.php?rest_route=\/wp\/v2\/types\/post"}],"author":[{"embeddable":true,"href":"https:\/\/elluchador.info\/index.php?rest_route=\/wp\/v2\/users\/38"}],"replies":[{"embeddable":true,"href":"https:\/\/elluchador.info\/index.php?rest_route=%2Fwp%2Fv2%2Fcomments&post=288998"}],"version-history":[{"count":1,"href":"https:\/\/elluchador.info\/index.php?rest_route=\/wp\/v2\/posts\/288998\/revisions"}],"predecessor-version":[{"id":289000,"href":"https:\/\/elluchador.info\/index.php?rest_route=\/wp\/v2\/posts\/288998\/revisions\/289000"}],"wp:featuredmedia":[{"embeddable":true,"href":"https:\/\/elluchador.info\/index.php?rest_route=\/wp\/v2\/media\/288999"}],"wp:attachment":[{"href":"https:\/\/elluchador.info\/index.php?rest_route=%2Fwp%2Fv2%2Fmedia&parent=288998"}],"wp:term":[{"taxonomy":"category","embeddable":true,"href":"https:\/\/elluchador.info\/index.php?rest_route=%2Fwp%2Fv2%2Fcategories&post=288998"},{"taxonomy":"post_tag","embeddable":true,"href":"https:\/\/elluchador.info\/index.php?rest_route=%2Fwp%2Fv2%2Ftags&post=288998"}],"curies":[{"name":"wp","href":"https:\/\/api.w.org\/{rel}","templated":true}]}}