{"id":289071,"date":"2025-09-08T18:59:36","date_gmt":"2025-09-08T22:59:36","guid":{"rendered":"https:\/\/elluchador.info\/?p=289071"},"modified":"2025-09-08T18:59:40","modified_gmt":"2025-09-08T22:59:40","slug":"inicio-el-plan-nacional-de-formacion-docente-2025-2026","status":"publish","type":"post","link":"https:\/\/elluchador.info\/?p=289071","title":{"rendered":"Inici\u00f3 el plan nacional de formaci\u00f3n docente 2025-2026"},"content":{"rendered":"\n<p>\u200eEl ministro para la Educaci\u00f3n, H\u00e9ctor Rodr\u00edguez anunci\u00f3 el inicio de la jornada nacional de formaci\u00f3n docente 2025-2026, con la finalidad de orientar a las y los profesionales de la educaci\u00f3n en el pa\u00eds, en torno a la incorporaci\u00f3n de temas de ense\u00f1anza relacionados con la identidad, para los niveles inicial, primaria y media.<br>\u200e<br>\u200eA trav\u00e9s de su cuenta oficial Telegram, el ministro Rodr\u00edguez comparti\u00f3 las propuestas de contenidos educativos que se estar\u00e1n revisando, a partir de este lunes 8 de septiembre, en las diferentes instituciones educativas del pa\u00eds.<br>\u200e<br>\u200eEntre las sugerencias que presenta el ministro H\u00e9ctor Rodr\u00edguez, a trav\u00e9s de este documento, destacan dos componentes: sociedad y ciudadan\u00eda, y cultura venezolana.<br>\u200e<br>\u200eAsimismo, se busca cultivar el sentido de pertenencia territorial y cultural; visibilizar la variedad de lugares, hechos, personas, instituciones y procesos que forman parte de la realidad actual, desde la escala local, hasta la mundial.<br>\u200e<br>\u200eAdem\u00e1s, se plantea concientizar sobre la existencia del tiempo hist\u00f3rico y del espacio geogr\u00e1fico, como \u00e1mbitos entrelazados, vitales para entender los procesos econ\u00f3micos, pol\u00edticos, sociales y culturales y estudiar, desde la interdisciplinariedad, los hitos representativos de la memoria colectiva, para luego divulgar masivamente sus contenidos y significados.<br>\u200e<br>\u200eEn l\u00edneas generales, el texto compartido por el ministro H\u00e9ctor Rodr\u00edguez propone 14 ejes tem\u00e1ticos, con la finalidad de ordenar y sistematizar los contenidos de la colecci\u00f3n bicentenaria, relativos a las ciencias sociales, la geograf\u00eda, la historia y la ciudadan\u00eda, tales como la humanidad, Venezuela en el mundo, pueblos ind\u00edgenas, colonizaci\u00f3n europea, pueblos afrovenezolanos, Liberaci\u00f3n de Am\u00e9rica, Libertador Sim\u00f3n Bol\u00edvar, naci\u00f3n agr\u00edcola y petrolera, territorio productivo, democracia venezolana, cultura y sociedad.<br>\u200e<br>\u200e<br>\u200eCon informaci\u00f3n <strong>\u00daR<\/strong><\/p>\n","protected":false},"excerpt":{"rendered":"<p>\u200eEl ministro para la Educaci\u00f3n, H\u00e9ctor Rodr\u00edguez anunci\u00f3 el inicio de la jornada nacional de formaci\u00f3n docente 2025-2026, con la finalidad de orientar a las y los profesionales de la educaci\u00f3n en el pa\u00eds, en torno a la incorporaci\u00f3n de temas de ense\u00f1anza relacionados con la identidad, para los niveles inicial, primaria y media.\u200e\u200eA trav\u00e9s [&hellip;]<\/p>\n","protected":false},"author":33,"featured_media":289072,"comment_status":"closed","ping_status":"closed","sticky":false,"template":"","format":"standard","meta":{"footnotes":""},"categories":[9],"tags":[2066,104],"class_list":{"0":"post-289071","1":"post","2":"type-post","3":"status-publish","4":"format-standard","5":"has-post-thumbnail","7":"category-nacionales","8":"tag-docente","9":"tag-educacion"},"_links":{"self":[{"href":"https:\/\/elluchador.info\/index.php?rest_route=\/wp\/v2\/posts\/289071","targetHints":{"allow":["GET"]}}],"collection":[{"href":"https:\/\/elluchador.info\/index.php?rest_route=\/wp\/v2\/posts"}],"about":[{"href":"https:\/\/elluchador.info\/index.php?rest_route=\/wp\/v2\/types\/post"}],"author":[{"embeddable":true,"href":"https:\/\/elluchador.info\/index.php?rest_route=\/wp\/v2\/users\/33"}],"replies":[{"embeddable":true,"href":"https:\/\/elluchador.info\/index.php?rest_route=%2Fwp%2Fv2%2Fcomments&post=289071"}],"version-history":[{"count":1,"href":"https:\/\/elluchador.info\/index.php?rest_route=\/wp\/v2\/posts\/289071\/revisions"}],"predecessor-version":[{"id":289073,"href":"https:\/\/elluchador.info\/index.php?rest_route=\/wp\/v2\/posts\/289071\/revisions\/289073"}],"wp:featuredmedia":[{"embeddable":true,"href":"https:\/\/elluchador.info\/index.php?rest_route=\/wp\/v2\/media\/289072"}],"wp:attachment":[{"href":"https:\/\/elluchador.info\/index.php?rest_route=%2Fwp%2Fv2%2Fmedia&parent=289071"}],"wp:term":[{"taxonomy":"category","embeddable":true,"href":"https:\/\/elluchador.info\/index.php?rest_route=%2Fwp%2Fv2%2Fcategories&post=289071"},{"taxonomy":"post_tag","embeddable":true,"href":"https:\/\/elluchador.info\/index.php?rest_route=%2Fwp%2Fv2%2Ftags&post=289071"}],"curies":[{"name":"wp","href":"https:\/\/api.w.org\/{rel}","templated":true}]}}