{"id":289082,"date":"2025-09-08T19:56:59","date_gmt":"2025-09-08T23:56:59","guid":{"rendered":"https:\/\/elluchador.info\/?p=289082"},"modified":"2025-09-08T19:57:03","modified_gmt":"2025-09-08T23:57:03","slug":"isabella-ladera-se-pronuncia-oficialmente-tras-filtracion-de-video-intimo-con-beele","status":"publish","type":"post","link":"https:\/\/elluchador.info\/?p=289082","title":{"rendered":"Isabella Ladera se pronuncia oficialmente tras filtraci\u00f3n de video \u00edntimo con Be\u00e9le"},"content":{"rendered":"\n<p>\u200eLa modelo e influencer venezolana Isabella Ladera emiti\u00f3 un contundente comunicado sobre filtraci\u00f3n de video \u00edntimo con el cantante colombiano Be\u00e9le.<br>\u200e<br>\u200eEn las \u00faltimas horas, ha venido circulando un pol\u00e9mico video \u00edntimo de la influencer y el cantante, lo que ha generado que la venezolana rompa su silencio para lanzar una fuerte acusaci\u00f3n contra el artista colombiano.<br>\u200e<br>\u200eA trav\u00e9s de un comunicado, la creadora de contenido venezolana Isabella Ladera expres\u00f3 su dolor y rechaz\u00f3 a lo ocurrido, calific\u00e1ndolo como una de las traiciones m\u00e1s crueles que ha vivido. \u201cEstoy profundamente devastada. Un momento \u00edntimo y privado fue filtrado sin mi consentimiento\u201d, se\u00f1al\u00f3.<br>\u200e<br>\u200eLa joven explic\u00f3 que el material estaba en manos de solo dos personas: ella y su expareja. <\/p>\n\n\n\n<figure class=\"wp-block-gallery has-nested-images columns-default is-cropped wp-block-gallery-1 is-layout-flex wp-block-gallery-is-layout-flex\">\n<figure class=\"wp-block-image size-large\"><img loading=\"lazy\" decoding=\"async\" width=\"846\" height=\"1024\" data-id=\"289085\" src=\"https:\/\/elluchador.info\/wp-content\/uploads\/2025\/09\/Screenshot_20250908-194318-846x1024.jpg\" alt=\"\" class=\"wp-image-289085\" srcset=\"https:\/\/elluchador.info\/wp-content\/uploads\/2025\/09\/Screenshot_20250908-194318-846x1024.jpg 846w, https:\/\/elluchador.info\/wp-content\/uploads\/2025\/09\/Screenshot_20250908-194318-248x300.jpg 248w, https:\/\/elluchador.info\/wp-content\/uploads\/2025\/09\/Screenshot_20250908-194318-768x930.jpg 768w, https:\/\/elluchador.info\/wp-content\/uploads\/2025\/09\/Screenshot_20250908-194318-150x182.jpg 150w, https:\/\/elluchador.info\/wp-content\/uploads\/2025\/09\/Screenshot_20250908-194318-300x363.jpg 300w, https:\/\/elluchador.info\/wp-content\/uploads\/2025\/09\/Screenshot_20250908-194318-696x843.jpg 696w, https:\/\/elluchador.info\/wp-content\/uploads\/2025\/09\/Screenshot_20250908-194318-1068x1293.jpg 1068w, https:\/\/elluchador.info\/wp-content\/uploads\/2025\/09\/Screenshot_20250908-194318.jpg 1080w\" sizes=\"auto, (max-width: 846px) 100vw, 846px\" \/><\/figure>\n\n\n\n<figure class=\"wp-block-image size-large\"><img loading=\"lazy\" decoding=\"async\" width=\"1016\" height=\"1024\" data-id=\"289084\" src=\"https:\/\/elluchador.info\/wp-content\/uploads\/2025\/09\/Screenshot_20250908-194333-1016x1024.jpg\" alt=\"\" class=\"wp-image-289084\" srcset=\"https:\/\/elluchador.info\/wp-content\/uploads\/2025\/09\/Screenshot_20250908-194333-1016x1024.jpg 1016w, https:\/\/elluchador.info\/wp-content\/uploads\/2025\/09\/Screenshot_20250908-194333-298x300.jpg 298w, https:\/\/elluchador.info\/wp-content\/uploads\/2025\/09\/Screenshot_20250908-194333-768x774.jpg 768w, https:\/\/elluchador.info\/wp-content\/uploads\/2025\/09\/Screenshot_20250908-194333-150x151.jpg 150w, https:\/\/elluchador.info\/wp-content\/uploads\/2025\/09\/Screenshot_20250908-194333-300x303.jpg 300w, https:\/\/elluchador.info\/wp-content\/uploads\/2025\/09\/Screenshot_20250908-194333-696x702.jpg 696w, https:\/\/elluchador.info\/wp-content\/uploads\/2025\/09\/Screenshot_20250908-194333-1068x1077.jpg 1068w, https:\/\/elluchador.info\/wp-content\/uploads\/2025\/09\/Screenshot_20250908-194333.jpg 1080w\" sizes=\"auto, (max-width: 1016px) 100vw, 1016px\" \/><\/figure>\n\n\n\n<figure class=\"wp-block-image size-large\"><img loading=\"lazy\" decoding=\"async\" width=\"1007\" height=\"1024\" data-id=\"289083\" src=\"https:\/\/elluchador.info\/wp-content\/uploads\/2025\/09\/Screenshot_20250908-194347-1007x1024.jpg\" alt=\"\" class=\"wp-image-289083\" srcset=\"https:\/\/elluchador.info\/wp-content\/uploads\/2025\/09\/Screenshot_20250908-194347-1007x1024.jpg 1007w, https:\/\/elluchador.info\/wp-content\/uploads\/2025\/09\/Screenshot_20250908-194347-295x300.jpg 295w, https:\/\/elluchador.info\/wp-content\/uploads\/2025\/09\/Screenshot_20250908-194347-768x781.jpg 768w, https:\/\/elluchador.info\/wp-content\/uploads\/2025\/09\/Screenshot_20250908-194347-150x153.jpg 150w, https:\/\/elluchador.info\/wp-content\/uploads\/2025\/09\/Screenshot_20250908-194347-300x305.jpg 300w, https:\/\/elluchador.info\/wp-content\/uploads\/2025\/09\/Screenshot_20250908-194347-696x708.jpg 696w, https:\/\/elluchador.info\/wp-content\/uploads\/2025\/09\/Screenshot_20250908-194347-1068x1086.jpg 1068w, https:\/\/elluchador.info\/wp-content\/uploads\/2025\/09\/Screenshot_20250908-194347.jpg 1080w\" sizes=\"auto, (max-width: 1007px) 100vw, 1007px\" \/><\/figure>\n<\/figure>\n\n\n\n<p>\u200e\u201cUna persona que me minti\u00f3 desde el inicio, que fue testigo de c\u00f3mo enfrentaba consecuencias dolorosas por su causa y, aun as\u00ed, nunca dio un paso al frente para protegerme\u201d, expres\u00f3 Isabella se\u00f1alando que\u00a0 la publicaci\u00f3n de dicho video es un ataque directo contra su privacidad y su dignidad.<br>\u200e<br>\u200eFinalmente, la venezolana tambi\u00e9n asegur\u00f3 que ya est\u00e1 tomando acciones legales y recibe asesor\u00eda para continuar por las v\u00edas correspondientes.<br>\u200e<br>\u200eRecalc\u00f3 que no se esconder\u00e1 y que continuar\u00e1 con sus compromisos profesionales y personales. \u201cTengo compromisos laborales y responsabilidades personales que demandan mi presencia en plataformas digitales, y seguir\u00e9 cumpli\u00e9ndolos\u201d, puntualiz\u00f3.<br>\u200e<br>\u200eCon informaci\u00f3n Agencias-.<\/p>\n","protected":false},"excerpt":{"rendered":"<p>\u200eLa modelo e influencer venezolana Isabella Ladera emiti\u00f3 un contundente comunicado sobre filtraci\u00f3n de video \u00edntimo con el cantante colombiano Be\u00e9le.\u200e\u200eEn las \u00faltimas horas, ha venido circulando un pol\u00e9mico video \u00edntimo de la influencer y el cantante, lo que ha generado que la venezolana rompa su silencio para lanzar una fuerte acusaci\u00f3n contra el artista [&hellip;]<\/p>\n","protected":false},"author":33,"featured_media":289086,"comment_status":"closed","ping_status":"closed","sticky":false,"template":"","format":"standard","meta":{"footnotes":""},"categories":[7],"tags":[4785,4979,4978],"class_list":{"0":"post-289082","1":"post","2":"type-post","3":"status-publish","4":"format-standard","5":"has-post-thumbnail","7":"category-entretenimiento","8":"tag-beele-2","9":"tag-isabella-ladera","10":"tag-video-intimo"},"_links":{"self":[{"href":"https:\/\/elluchador.info\/index.php?rest_route=\/wp\/v2\/posts\/289082","targetHints":{"allow":["GET"]}}],"collection":[{"href":"https:\/\/elluchador.info\/index.php?rest_route=\/wp\/v2\/posts"}],"about":[{"href":"https:\/\/elluchador.info\/index.php?rest_route=\/wp\/v2\/types\/post"}],"author":[{"embeddable":true,"href":"https:\/\/elluchador.info\/index.php?rest_route=\/wp\/v2\/users\/33"}],"replies":[{"embeddable":true,"href":"https:\/\/elluchador.info\/index.php?rest_route=%2Fwp%2Fv2%2Fcomments&post=289082"}],"version-history":[{"count":1,"href":"https:\/\/elluchador.info\/index.php?rest_route=\/wp\/v2\/posts\/289082\/revisions"}],"predecessor-version":[{"id":289087,"href":"https:\/\/elluchador.info\/index.php?rest_route=\/wp\/v2\/posts\/289082\/revisions\/289087"}],"wp:featuredmedia":[{"embeddable":true,"href":"https:\/\/elluchador.info\/index.php?rest_route=\/wp\/v2\/media\/289086"}],"wp:attachment":[{"href":"https:\/\/elluchador.info\/index.php?rest_route=%2Fwp%2Fv2%2Fmedia&parent=289082"}],"wp:term":[{"taxonomy":"category","embeddable":true,"href":"https:\/\/elluchador.info\/index.php?rest_route=%2Fwp%2Fv2%2Fcategories&post=289082"},{"taxonomy":"post_tag","embeddable":true,"href":"https:\/\/elluchador.info\/index.php?rest_route=%2Fwp%2Fv2%2Ftags&post=289082"}],"curies":[{"name":"wp","href":"https:\/\/api.w.org\/{rel}","templated":true}]}}