{"id":289088,"date":"2025-09-08T20:07:46","date_gmt":"2025-09-09T00:07:46","guid":{"rendered":"https:\/\/elluchador.info\/?p=289088"},"modified":"2025-09-08T20:07:49","modified_gmt":"2025-09-09T00:07:49","slug":"presidente-maduro-anuncio-que-el-1oct-iniciara-la-navidad-en-venezuela","status":"publish","type":"post","link":"https:\/\/elluchador.info\/?p=289088","title":{"rendered":"Presidente Maduro anunci\u00f3 que el 1Oct iniciar\u00e1 la Navidad en Venezuela"},"content":{"rendered":"\n<p>\u200eEste lunes el presidente de Venezuela, Nicol\u00e1s Maduro, anunci\u00f3 que desde el pr\u00f3ximo primero de octubre del presente a\u00f1o, inicia la celebraci\u00f3n de las Navidades Felices en todo el territorio nacional.<br>\u200e<br>\u200eDurante la transmisi\u00f3n de su programa \u00abCon Maduro+\u00bb, el jefe de Estado indic\u00f3: \u00abVamos a decretar, desde el primero de octubre arranca la navidad en Venezuela otra vez\u00bb.<br>\u200e<br>\u200e\u201cLo hacemos con alegr\u00eda, esperanza y amor, como expresi\u00f3n del esp\u00edritu festivo que une al pueblo venezolano\u201d, agreg\u00f3.<\/p>\n","protected":false},"excerpt":{"rendered":"<p>\u200eEste lunes el presidente de Venezuela, Nicol\u00e1s Maduro, anunci\u00f3 que desde el pr\u00f3ximo primero de octubre del presente a\u00f1o, inicia la celebraci\u00f3n de las Navidades Felices en todo el territorio nacional.\u200e\u200eDurante la transmisi\u00f3n de su programa \u00abCon Maduro+\u00bb, el jefe de Estado indic\u00f3: \u00abVamos a decretar, desde el primero de octubre arranca la navidad en [&hellip;]<\/p>\n","protected":false},"author":33,"featured_media":289089,"comment_status":"closed","ping_status":"closed","sticky":false,"template":"","format":"standard","meta":{"footnotes":""},"categories":[5,9],"tags":[300,105],"class_list":{"0":"post-289088","1":"post","2":"type-post","3":"status-publish","4":"format-standard","5":"has-post-thumbnail","7":"category-destacado","8":"category-nacionales","9":"tag-navidades","10":"tag-venezuela"},"_links":{"self":[{"href":"https:\/\/elluchador.info\/index.php?rest_route=\/wp\/v2\/posts\/289088","targetHints":{"allow":["GET"]}}],"collection":[{"href":"https:\/\/elluchador.info\/index.php?rest_route=\/wp\/v2\/posts"}],"about":[{"href":"https:\/\/elluchador.info\/index.php?rest_route=\/wp\/v2\/types\/post"}],"author":[{"embeddable":true,"href":"https:\/\/elluchador.info\/index.php?rest_route=\/wp\/v2\/users\/33"}],"replies":[{"embeddable":true,"href":"https:\/\/elluchador.info\/index.php?rest_route=%2Fwp%2Fv2%2Fcomments&post=289088"}],"version-history":[{"count":1,"href":"https:\/\/elluchador.info\/index.php?rest_route=\/wp\/v2\/posts\/289088\/revisions"}],"predecessor-version":[{"id":289090,"href":"https:\/\/elluchador.info\/index.php?rest_route=\/wp\/v2\/posts\/289088\/revisions\/289090"}],"wp:featuredmedia":[{"embeddable":true,"href":"https:\/\/elluchador.info\/index.php?rest_route=\/wp\/v2\/media\/289089"}],"wp:attachment":[{"href":"https:\/\/elluchador.info\/index.php?rest_route=%2Fwp%2Fv2%2Fmedia&parent=289088"}],"wp:term":[{"taxonomy":"category","embeddable":true,"href":"https:\/\/elluchador.info\/index.php?rest_route=%2Fwp%2Fv2%2Fcategories&post=289088"},{"taxonomy":"post_tag","embeddable":true,"href":"https:\/\/elluchador.info\/index.php?rest_route=%2Fwp%2Fv2%2Ftags&post=289088"}],"curies":[{"name":"wp","href":"https:\/\/api.w.org\/{rel}","templated":true}]}}