{"id":289207,"date":"2025-09-10T08:41:35","date_gmt":"2025-09-10T12:41:35","guid":{"rendered":"https:\/\/elluchador.info\/?p=289207"},"modified":"2025-09-10T08:41:39","modified_gmt":"2025-09-10T12:41:39","slug":"avenida-principal-de-el-mereyal-continua-deteriorada","status":"publish","type":"post","link":"https:\/\/elluchador.info\/?p=289207","title":{"rendered":"Avenida principal de El Mereyal contin\u00faa deteriorada"},"content":{"rendered":"\n<p>\u200eLa avenida principal del sector El Mereyal, en la parroquia Catedral, presenta desde hace a\u00f1os un marcado deterioro, con grandes huecos y grietas que dificultan el tr\u00e1nsito vehicular y afectan la ruta de transporte p\u00fablico que atiende a la comunidad.<br>\u200e<br>\u200e\u201cLlevamos muchos a\u00f1os esperando que reparen esta v\u00eda. Ojal\u00e1 la incluyan en el plan de asfaltado, porque es uno de los servicios m\u00e1s urgentes para el Mereyal\u201d, expres\u00f3 C\u00e9sar Blanco, residente del sector.<br>\u200e<br>\u200eLos vecinos esperan que los organismos competentes ejecuten labores de saneamiento y rehabilitaci\u00f3n en esta arteria vial. Aseguran que su recuperaci\u00f3n no solo mejorar\u00eda la calidad de vida de los habitantes, sino que tambi\u00e9n garantizar\u00eda la continuidad del servicio de transporte p\u00fablico en beneficio de todos.<br>\u200e<br><strong>\u200eYanitza Mart\u00ednez<\/strong><\/p>\n","protected":false},"excerpt":{"rendered":"<p>\u200eLa avenida principal del sector El Mereyal, en la parroquia Catedral, presenta desde hace a\u00f1os un marcado deterioro, con grandes huecos y grietas que dificultan el tr\u00e1nsito vehicular y afectan la ruta de transporte p\u00fablico que atiende a la comunidad.\u200e\u200e\u201cLlevamos muchos a\u00f1os esperando que reparen esta v\u00eda. Ojal\u00e1 la incluyan en el plan de asfaltado, [&hellip;]<\/p>\n","protected":false},"author":33,"featured_media":289208,"comment_status":"closed","ping_status":"closed","sticky":false,"template":"","format":"standard","meta":{"footnotes":""},"categories":[2],"tags":[306],"class_list":{"0":"post-289207","1":"post","2":"type-post","3":"status-publish","4":"format-standard","5":"has-post-thumbnail","7":"category-comunidad","8":"tag-ciudad-bolivar"},"_links":{"self":[{"href":"https:\/\/elluchador.info\/index.php?rest_route=\/wp\/v2\/posts\/289207","targetHints":{"allow":["GET"]}}],"collection":[{"href":"https:\/\/elluchador.info\/index.php?rest_route=\/wp\/v2\/posts"}],"about":[{"href":"https:\/\/elluchador.info\/index.php?rest_route=\/wp\/v2\/types\/post"}],"author":[{"embeddable":true,"href":"https:\/\/elluchador.info\/index.php?rest_route=\/wp\/v2\/users\/33"}],"replies":[{"embeddable":true,"href":"https:\/\/elluchador.info\/index.php?rest_route=%2Fwp%2Fv2%2Fcomments&post=289207"}],"version-history":[{"count":1,"href":"https:\/\/elluchador.info\/index.php?rest_route=\/wp\/v2\/posts\/289207\/revisions"}],"predecessor-version":[{"id":289209,"href":"https:\/\/elluchador.info\/index.php?rest_route=\/wp\/v2\/posts\/289207\/revisions\/289209"}],"wp:featuredmedia":[{"embeddable":true,"href":"https:\/\/elluchador.info\/index.php?rest_route=\/wp\/v2\/media\/289208"}],"wp:attachment":[{"href":"https:\/\/elluchador.info\/index.php?rest_route=%2Fwp%2Fv2%2Fmedia&parent=289207"}],"wp:term":[{"taxonomy":"category","embeddable":true,"href":"https:\/\/elluchador.info\/index.php?rest_route=%2Fwp%2Fv2%2Fcategories&post=289207"},{"taxonomy":"post_tag","embeddable":true,"href":"https:\/\/elluchador.info\/index.php?rest_route=%2Fwp%2Fv2%2Ftags&post=289207"}],"curies":[{"name":"wp","href":"https:\/\/api.w.org\/{rel}","templated":true}]}}