{"id":289235,"date":"2025-09-10T13:07:27","date_gmt":"2025-09-10T17:07:27","guid":{"rendered":"https:\/\/elluchador.info\/?p=289235"},"modified":"2025-09-10T13:08:03","modified_gmt":"2025-09-10T17:08:03","slug":"cuba-sufre-un-nuevo-apagon-nacional-2","status":"publish","type":"post","link":"https:\/\/elluchador.info\/?p=289235","title":{"rendered":"Cuba sufre un nuevo apag\u00f3n nacional"},"content":{"rendered":"\n<p>Cuba sufri\u00f3 este mi\u00e9rcoles, 10 de septiembre, un nuevo apag\u00f3n nacional, seg\u00fan lo confirm\u00f3 la autoridad correspondiente en sus redes sociales.<\/p>\n\n\n\n<p>\u00abCa\u00edda del Sistema Electroenerg\u00e9tico Nacional tras salida imprevista de la CTE (central termoel\u00e9ctrica) Antonio Guiteras. Salida del sistema el\u00e9ctrico nacional a las 9:14 horas (Cuba y Venezuela comparten la misma hora). Tras la salida inesperada de la CTE Antonio Guiteras\u00bb, indic\u00f3 Uni\u00f3n El\u00e9ctrica de Cuba.<\/p>\n\n\n\n<p>Este es el cuarto apag\u00f3n nacional que sufre Cuba en menos de un a\u00f1o, sin contar los numerosos apagones regionales.<\/p>\n\n\n\n<p>Posteriormente, <strong><em>Uni\u00f3n El\u00e9ctrica<\/em><\/strong> indic\u00f3 que su director y el primer ministro, Manuel Marrero Cruz, estaban reunidos para \u00abtomar acciones conjuntas\u00bb para la recuperaci\u00f3n del servicio el\u00e9ctrico en la isla.<\/p>\n\n\n\n<p>Pasadas m\u00e1s de 2 horas de la ca\u00edda del sistema el\u00e9ctrico, las autoridades no han ofrecido m\u00e1s informaci\u00f3n.<\/p>\n\n\n\n<p>Con informaci\u00f3n <strong>Agencias.-<\/strong><\/p>\n","protected":false},"excerpt":{"rendered":"<p>Cuba sufri\u00f3 este mi\u00e9rcoles, 10 de septiembre, un nuevo apag\u00f3n nacional, seg\u00fan lo confirm\u00f3 la autoridad correspondiente en sus redes sociales. \u00abCa\u00edda del Sistema Electroenerg\u00e9tico Nacional tras salida imprevista de la CTE (central termoel\u00e9ctrica) Antonio Guiteras. Salida del sistema el\u00e9ctrico nacional a las 9:14 horas (Cuba y Venezuela comparten la misma hora). Tras la salida [&hellip;]<\/p>\n","protected":false},"author":33,"featured_media":289236,"comment_status":"closed","ping_status":"closed","sticky":false,"template":"","format":"standard","meta":{"footnotes":""},"categories":[8],"tags":[451,4234],"class_list":{"0":"post-289235","1":"post","2":"type-post","3":"status-publish","4":"format-standard","5":"has-post-thumbnail","7":"category-internacionales","8":"tag-cuba","9":"tag-servicio-electrico"},"_links":{"self":[{"href":"https:\/\/elluchador.info\/index.php?rest_route=\/wp\/v2\/posts\/289235","targetHints":{"allow":["GET"]}}],"collection":[{"href":"https:\/\/elluchador.info\/index.php?rest_route=\/wp\/v2\/posts"}],"about":[{"href":"https:\/\/elluchador.info\/index.php?rest_route=\/wp\/v2\/types\/post"}],"author":[{"embeddable":true,"href":"https:\/\/elluchador.info\/index.php?rest_route=\/wp\/v2\/users\/33"}],"replies":[{"embeddable":true,"href":"https:\/\/elluchador.info\/index.php?rest_route=%2Fwp%2Fv2%2Fcomments&post=289235"}],"version-history":[{"count":1,"href":"https:\/\/elluchador.info\/index.php?rest_route=\/wp\/v2\/posts\/289235\/revisions"}],"predecessor-version":[{"id":289237,"href":"https:\/\/elluchador.info\/index.php?rest_route=\/wp\/v2\/posts\/289235\/revisions\/289237"}],"wp:featuredmedia":[{"embeddable":true,"href":"https:\/\/elluchador.info\/index.php?rest_route=\/wp\/v2\/media\/289236"}],"wp:attachment":[{"href":"https:\/\/elluchador.info\/index.php?rest_route=%2Fwp%2Fv2%2Fmedia&parent=289235"}],"wp:term":[{"taxonomy":"category","embeddable":true,"href":"https:\/\/elluchador.info\/index.php?rest_route=%2Fwp%2Fv2%2Fcategories&post=289235"},{"taxonomy":"post_tag","embeddable":true,"href":"https:\/\/elluchador.info\/index.php?rest_route=%2Fwp%2Fv2%2Ftags&post=289235"}],"curies":[{"name":"wp","href":"https:\/\/api.w.org\/{rel}","templated":true}]}}