{"id":289291,"date":"2025-09-11T07:45:00","date_gmt":"2025-09-11T11:45:00","guid":{"rendered":"https:\/\/elluchador.info\/?p=289291"},"modified":"2025-09-10T23:25:24","modified_gmt":"2025-09-11T03:25:24","slug":"gobierno-bolivariano-impulsa-rehabilitacion-integral-de-urbanismos-en-caroni","status":"publish","type":"post","link":"https:\/\/elluchador.info\/?p=289291","title":{"rendered":"Gobierno Bolivariano impulsa rehabilitaci\u00f3n integral de urbanismos en Caron\u00ed"},"content":{"rendered":"\n<p>El Gobierno Bolivariano del presidente Nicol\u00e1s Maduro, liderado por la gobernadora Yulisbeth Garc\u00eda, en el estado Bol\u00edvar, puso en marcha un plan de rehabilitaci\u00f3n en el municipio Caron\u00ed, con el despliegue simult\u00e1neo en cuatro urbanismos.<\/p>\n\n\n\n<p>Este esfuerzo conjunto involucra a m\u00faltiples instituciones de Gobierno y ministerios, a fin de mejorar la calidad de vida de cientos de familias en la regi\u00f3n.<br>Conjunto Residencial Francisco Avenda\u00f1o.<\/p>\n\n\n\n<p>Uno de los principales objetivos de este plan es la rehabilitaci\u00f3n integral de 12 edificios en el Conjunto Residencial Francisco Avenda\u00f1o, conocido popularmente como Los Alacranes.<\/p>\n\n\n\n<p>El proyecto beneficiar\u00e1 directamente a 192 familias, y arranc\u00f3 tras la visita del ministro de H\u00e1bitat y Vivienda, Ra\u00fal Paredes, la gobernadora Yulisbeth Garc\u00eda y el alcalde Yanny Alonzo.<\/p>\n\n\n\n<p>Los trabajos en el urbanismo incluyen desmalezamiento, pica y poda de \u00e1rboles, mejoras en el alumbrado p\u00fablico, acondicionamiento y bacheo en la avenida principal.<\/p>\n\n\n\n<p>Adem\u00e1s, se entreg\u00f3 un importante cargamento de materiales para la ejecuci\u00f3n de las obras; incluyendo 100 rollos de manto, 50 cu\u00f1etes de pintura de caucho, 15 kits de pintura, 12 cajas de primer y 8 cajas de cemento pl\u00e1stico.<\/p>\n\n\n\n<p>Frank Pe\u00f1a Moyano, l\u00edder comunitario, expres\u00f3 su agradecimiento y destac\u00f3 que \u201cse inici\u00f3 un trabajo multidisciplinario, nosotros arrancamos con el desmalezamiento y la poda de \u00e1rboles, y ahora estamos recibiendo una cantidad de materiales para abordar lo que son los techos de nuestro conjunto residencial\u201d.<\/p>\n\n\n\n<p>Por su parte, Zoe Contreras, vocera de la Sala de Autogobierno, enfatiz\u00f3 que \u201caqu\u00ed se conjugan las cuatro instancias de Gobierno\u201d, y agreg\u00f3 que van a rehabilitar estos 12 edificios de manera integral con los techos, la pintura externa e interna.<\/p>\n\n\n\n<p><strong>Acciones en otros urbanismos<\/strong><br>El despliegue en Caron\u00ed tambi\u00e9n se extiende a los urbanismos Gigante de Caron\u00ed, Mi Casa Obrera (Trailers de Alcasa) y Villa Universidad II. En estas comunidades se ha llevado a cabo la limpieza alrededor de las torres, y se han entregado materiales de construcci\u00f3n como sacos de cemento, bloques y arena de friso para continuar con las mejoras.<\/p>\n\n\n\n<p>Este esfuerzo conjunto es impulsado por el Gobierno Bolivariano y cuenta con la participaci\u00f3n activa de la Gobernaci\u00f3n del estado Bol\u00edvar, a trav\u00e9s de Inviobras, ConstruBol\u00edvar, Minas Bol\u00edvar, Alcald\u00eda de Caron\u00ed, Ministerio de H\u00e1bitat y Vivienda, Barrio Nuevo Barrio Tricolor y el Ministerio de Obras P\u00fablicas.<\/p>\n\n\n\n<p>El trabajo mancomunado demuestra el compromiso de seguir construyendo el estado que todos merecen, ciudades m\u00e1s humanas, con obras concretas que transforman las comunidades y mejoran la calidad de los servicios para las familias de la regi\u00f3n.<\/p>\n\n\n\n<p>Con informaci\u00f3n de <strong>Prensa Gobernaci\u00f3n de Bol\u00edvar<\/strong><\/p>\n","protected":false},"excerpt":{"rendered":"<p>El Gobierno Bolivariano del presidente Nicol\u00e1s Maduro, liderado por la gobernadora Yulisbeth Garc\u00eda, en el estado Bol\u00edvar, puso en marcha un plan de rehabilitaci\u00f3n en el municipio Caron\u00ed, con el despliegue simult\u00e1neo en cuatro urbanismos. Este esfuerzo conjunto involucra a m\u00faltiples instituciones de Gobierno y ministerios, a fin de mejorar la calidad de vida de [&hellip;]<\/p>\n","protected":false},"author":38,"featured_media":289292,"comment_status":"closed","ping_status":"closed","sticky":false,"template":"","format":"standard","meta":{"footnotes":""},"categories":[5,12],"tags":[185,1178,105],"class_list":{"0":"post-289291","1":"post","2":"type-post","3":"status-publish","4":"format-standard","5":"has-post-thumbnail","7":"category-destacado","8":"category-regionales","9":"tag-bolivar","10":"tag-ciudad-guayana","11":"tag-venezuela"},"_links":{"self":[{"href":"https:\/\/elluchador.info\/index.php?rest_route=\/wp\/v2\/posts\/289291","targetHints":{"allow":["GET"]}}],"collection":[{"href":"https:\/\/elluchador.info\/index.php?rest_route=\/wp\/v2\/posts"}],"about":[{"href":"https:\/\/elluchador.info\/index.php?rest_route=\/wp\/v2\/types\/post"}],"author":[{"embeddable":true,"href":"https:\/\/elluchador.info\/index.php?rest_route=\/wp\/v2\/users\/38"}],"replies":[{"embeddable":true,"href":"https:\/\/elluchador.info\/index.php?rest_route=%2Fwp%2Fv2%2Fcomments&post=289291"}],"version-history":[{"count":1,"href":"https:\/\/elluchador.info\/index.php?rest_route=\/wp\/v2\/posts\/289291\/revisions"}],"predecessor-version":[{"id":289293,"href":"https:\/\/elluchador.info\/index.php?rest_route=\/wp\/v2\/posts\/289291\/revisions\/289293"}],"wp:featuredmedia":[{"embeddable":true,"href":"https:\/\/elluchador.info\/index.php?rest_route=\/wp\/v2\/media\/289292"}],"wp:attachment":[{"href":"https:\/\/elluchador.info\/index.php?rest_route=%2Fwp%2Fv2%2Fmedia&parent=289291"}],"wp:term":[{"taxonomy":"category","embeddable":true,"href":"https:\/\/elluchador.info\/index.php?rest_route=%2Fwp%2Fv2%2Fcategories&post=289291"},{"taxonomy":"post_tag","embeddable":true,"href":"https:\/\/elluchador.info\/index.php?rest_route=%2Fwp%2Fv2%2Ftags&post=289291"}],"curies":[{"name":"wp","href":"https:\/\/api.w.org\/{rel}","templated":true}]}}