{"id":289307,"date":"2025-09-11T08:38:00","date_gmt":"2025-09-11T12:38:00","guid":{"rendered":"https:\/\/elluchador.info\/?p=289307"},"modified":"2025-09-10T23:39:12","modified_gmt":"2025-09-11T03:39:12","slug":"invitan-a-participar-en-el-salon-nacional-de-arte-elsa-morales","status":"publish","type":"post","link":"https:\/\/elluchador.info\/?p=289307","title":{"rendered":"Invitan a participar en el Sal\u00f3n Nacional de Arte Elsa Morales"},"content":{"rendered":"\n<p>Hasta este lunes 15 de septiembre se llevar\u00e1 a cabo la recepci\u00f3n de obras para participar en el Sal\u00f3n Nacional de Arte Elsa Morales.<\/p>\n\n\n\n<p>Una convocatoria para todos los artistas pl\u00e1sticos del pa\u00eds hecha por el Ministerio del Poder Popular para la Cultura desde el pasado mes de agosto.<\/p>\n\n\n\n<p>Los interesados pueden participar en las disciplinas de dibujo, pintura, fotograf\u00eda, artes gr\u00e1ficas, escultura, ensamblaje, arte textil, artes del fuego, video-arte, arte sonoro y artes del cuerpo e instalaciones.<\/p>\n\n\n\n<p>En Ciudad Bol\u00edvar, la recepci\u00f3n de obra se lleva a cabo desde el museo de Arte Moderno Jes\u00fas Soto, ubicado en la avenida Germania, en horario de oficina.<\/p>\n\n\n\n<p>La convocatoria tambi\u00e9n incluye a colectivos de artistas venezolanos.<br>El Sal\u00f3n Nacional de Arte Elsa Morales 2025 abrir\u00e1 sus puertas en el mes de noviembre de Caracas, en los museos que conforman la Fundaci\u00f3n Museos Nacionales: Museo Alejandro Otero, Museo de la Estampa y del Dise\u00f1o Carlos Cruz Diez, Museo de Bellas Artes, Museo de Arte Contempor\u00e1neo de Caracas Armando Rever\u00f3n y la Galer\u00eda de Arte Nacional, y premiar\u00e1 al talento nacional.<\/p>\n\n\n\n<p>Vale destacar que, el Sal\u00f3n Nacional de Arte Elsa Morales, rinde tributo a la gran artista y poetisa venezolana destacada en las artes pl\u00e1sticas, y brindar\u00e1 homenaje a otras grandes mujeres artistas. Entre ellas, Luisa \u201cLa Nena\u201d Palacios, M\u00e9rida Ochoa, Fina G\u00f3mez Revenga y Felicinda Salazar.<\/p>\n\n\n\n<p>Con informaci\u00f3n de <strong>Prensa Mincultura Bol\u00edvar<\/strong><\/p>\n","protected":false},"excerpt":{"rendered":"<p>Hasta este lunes 15 de septiembre se llevar\u00e1 a cabo la recepci\u00f3n de obras para participar en el Sal\u00f3n Nacional de Arte Elsa Morales. Una convocatoria para todos los artistas pl\u00e1sticos del pa\u00eds hecha por el Ministerio del Poder Popular para la Cultura desde el pasado mes de agosto. Los interesados pueden participar en las [&hellip;]<\/p>\n","protected":false},"author":38,"featured_media":289308,"comment_status":"closed","ping_status":"closed","sticky":false,"template":"","format":"standard","meta":{"footnotes":""},"categories":[1160],"tags":[185,306,105],"class_list":{"0":"post-289307","1":"post","2":"type-post","3":"status-publish","4":"format-standard","5":"has-post-thumbnail","7":"category-cultura","8":"tag-bolivar","9":"tag-ciudad-bolivar","10":"tag-venezuela"},"_links":{"self":[{"href":"https:\/\/elluchador.info\/index.php?rest_route=\/wp\/v2\/posts\/289307","targetHints":{"allow":["GET"]}}],"collection":[{"href":"https:\/\/elluchador.info\/index.php?rest_route=\/wp\/v2\/posts"}],"about":[{"href":"https:\/\/elluchador.info\/index.php?rest_route=\/wp\/v2\/types\/post"}],"author":[{"embeddable":true,"href":"https:\/\/elluchador.info\/index.php?rest_route=\/wp\/v2\/users\/38"}],"replies":[{"embeddable":true,"href":"https:\/\/elluchador.info\/index.php?rest_route=%2Fwp%2Fv2%2Fcomments&post=289307"}],"version-history":[{"count":1,"href":"https:\/\/elluchador.info\/index.php?rest_route=\/wp\/v2\/posts\/289307\/revisions"}],"predecessor-version":[{"id":289309,"href":"https:\/\/elluchador.info\/index.php?rest_route=\/wp\/v2\/posts\/289307\/revisions\/289309"}],"wp:featuredmedia":[{"embeddable":true,"href":"https:\/\/elluchador.info\/index.php?rest_route=\/wp\/v2\/media\/289308"}],"wp:attachment":[{"href":"https:\/\/elluchador.info\/index.php?rest_route=%2Fwp%2Fv2%2Fmedia&parent=289307"}],"wp:term":[{"taxonomy":"category","embeddable":true,"href":"https:\/\/elluchador.info\/index.php?rest_route=%2Fwp%2Fv2%2Fcategories&post=289307"},{"taxonomy":"post_tag","embeddable":true,"href":"https:\/\/elluchador.info\/index.php?rest_route=%2Fwp%2Fv2%2Ftags&post=289307"}],"curies":[{"name":"wp","href":"https:\/\/api.w.org\/{rel}","templated":true}]}}