{"id":289408,"date":"2025-09-12T07:59:00","date_gmt":"2025-09-12T11:59:00","guid":{"rendered":"https:\/\/elluchador.info\/?p=289408"},"modified":"2025-09-12T07:59:05","modified_gmt":"2025-09-12T11:59:05","slug":"cleb-sanciona-en-segunda-discusion-historica-ley-especial-de-la-juventud","status":"publish","type":"post","link":"https:\/\/elluchador.info\/?p=289408","title":{"rendered":"CLEB sanciona en segunda discusi\u00f3n hist\u00f3rica Ley Especial de la Juventud"},"content":{"rendered":"\n<p>\u200eEn sesi\u00f3n ordinaria el Consejo Legislativo del Estado Bol\u00edvar (CLEB), presidido por el legislador Lisbenio Mu\u00f1oz y junto a la vicepresidenta Yurka Suzarra, sancion\u00f3 en segunda discusi\u00f3n la Ley Especial de la Juventud del Estado Bol\u00edvar, un instrumento pionero construido con y para los j\u00f3venes, reafirmando el compromiso del Parlamento Regional con el futuro y el protagonismo de las nuevas generaciones.<br>\u200e<br>\u200eLa ley es el fruto de un proceso legislativo participativo y democr\u00e1tico, que inici\u00f3 con su aprobaci\u00f3n un\u00e1nime en primera discusi\u00f3n. Posteriormente, la Comisi\u00f3n Permanente de Desarrollo Social Integral y Participaci\u00f3n Ciudadana, presidida por la legisladora Lirida Bastardo e integrada por los legisladores Luisa Arocha, Armando Barreto, Oveida Trillo, Carlos Zerpa, y los asesores Karliumar Yoris y Norkys Delgado, se despleg\u00f3 en una Caravana Legislativa para recoger las propuestas de los j\u00f3venes en sus territorios.<br>\u200e<br><strong>\u200ePrimera Ley para la Juventud<\/strong><br>\u200e<br>\u200eEl legislador Alberto Hurtado, presidente de la subcomisi\u00f3n de la juventud, destac\u00f3 el car\u00e1cter hist\u00f3rico de la normativa: \u201cPor primera vez en nuestro estado Bol\u00edvar contamos con una ley dise\u00f1ada espec\u00edficamente para nuestra juventud heroica, que se levanta cada d\u00eda con esperanza y compromiso patri\u00f3tico para consolidar la revoluci\u00f3n bolivariana.<br>\u200e<br>\u200eNos desplegamos en los municipios con mayor densidad poblacional joven para escuchar sus propuestas en un debate abierto y construir juntos este instrumento que los apoyar\u00e1 a formarse y a fortalecer la econom\u00eda del pa\u00eds\u201d.<br>\u200e<br>\u200ePor su parte, la legisladora Lirida Bastardo, presidenta de la Comisi\u00f3n Permanente de Desarrollo Social Integral y Participaci\u00f3n Ciudadana, enfatiz\u00f3 el car\u00e1cter participativo de la ley; \u201cEs un honor entregarles este instrumento jur\u00eddico que no es m\u00e1s que el reflejo de lo que ustedes, la juventud, plantearon.<br>\u200e<br>\u200eNos expresaron sus opiniones, c\u00f3mo quer\u00edan ser reconocidos, qu\u00e9 derechos quer\u00edan consagrar y tambi\u00e9n sus deberes. Ahora viene una fase crucial de difusi\u00f3n y puesta en pr\u00e1ctica, y tenemos la certeza de contar con el apoyo de nuestra gobernadora Yulisbeth Garc\u00eda para promulgarla prontamente.<br>\u200e<br>\u200eEsta ley enmarcada en las 7 Transformaciones que impulsa nuestro Presidente Nicol\u00e1s Maduro ser\u00e1 el instrumento de los j\u00f3venes para construir su presente y su futuro pr\u00f3spero\u201d.<br>\u200e<br><strong>\u200eUna ley hecha por y para la juventud<\/strong><br>\u200e<br>\u200eEl proyecto de Ley de la Juventud\u00a0 del estado Bol\u00edvar fue admitido por la C\u00e1mara Legislativa el 22 de julio y aprobado en primera discusi\u00f3n el 05 de agosto, se realizaron consultas p\u00fablicas donde participaron j\u00f3venes de todos los sectores, Movimientos sociales juveniles, organizaciones, se recibieron propuestas de todos los alcaldes, del poder Comunal, dando como resultado la nueva legislaci\u00f3n, estructurada en 2 cap\u00edtulos, 27 art\u00edculos, 5 secciones y 1 disposici\u00f3n final,\u00a0 que se erige como el marco jur\u00eddico que garantizar\u00e1 los derechos, deberes y la participaci\u00f3n protag\u00f3nica de la juventud bolivarense en todos los \u00e1mbitos del desarrollo social, econ\u00f3mico y cultural del estado.<br>\u200e<br>\u200eSu formulaci\u00f3n cont\u00f3 adem\u00e1s con el apoyo del equipo t\u00e9cnico de Consultor\u00eda Jur\u00eddica del CLEB, liderado por la abogada Yasmel Molina, y de la Direcci\u00f3n de Asesor\u00eda e Investigaci\u00f3n, que dirige el abogado Juan Herrera, as\u00ed como la asesor\u00eda de la Directora General del CLEB, Luisa Rodr\u00edguez.<br>\u200e<br>\u200e<br><strong>\u200ePrensa CLEB<\/strong><\/p>\n","protected":false},"excerpt":{"rendered":"<p>\u200eEn sesi\u00f3n ordinaria el Consejo Legislativo del Estado Bol\u00edvar (CLEB), presidido por el legislador Lisbenio Mu\u00f1oz y junto a la vicepresidenta Yurka Suzarra, sancion\u00f3 en segunda discusi\u00f3n la Ley Especial de la Juventud del Estado Bol\u00edvar, un instrumento pionero construido con y para los j\u00f3venes, reafirmando el compromiso del Parlamento Regional con el futuro y [&hellip;]<\/p>\n","protected":false},"author":33,"featured_media":289409,"comment_status":"closed","ping_status":"closed","sticky":false,"template":"","format":"standard","meta":{"footnotes":""},"categories":[12],"tags":[185,2103,2263],"class_list":{"0":"post-289408","1":"post","2":"type-post","3":"status-publish","4":"format-standard","5":"has-post-thumbnail","7":"category-regionales","8":"tag-bolivar","9":"tag-cleb","10":"tag-juventud"},"_links":{"self":[{"href":"https:\/\/elluchador.info\/index.php?rest_route=\/wp\/v2\/posts\/289408","targetHints":{"allow":["GET"]}}],"collection":[{"href":"https:\/\/elluchador.info\/index.php?rest_route=\/wp\/v2\/posts"}],"about":[{"href":"https:\/\/elluchador.info\/index.php?rest_route=\/wp\/v2\/types\/post"}],"author":[{"embeddable":true,"href":"https:\/\/elluchador.info\/index.php?rest_route=\/wp\/v2\/users\/33"}],"replies":[{"embeddable":true,"href":"https:\/\/elluchador.info\/index.php?rest_route=%2Fwp%2Fv2%2Fcomments&post=289408"}],"version-history":[{"count":1,"href":"https:\/\/elluchador.info\/index.php?rest_route=\/wp\/v2\/posts\/289408\/revisions"}],"predecessor-version":[{"id":289410,"href":"https:\/\/elluchador.info\/index.php?rest_route=\/wp\/v2\/posts\/289408\/revisions\/289410"}],"wp:featuredmedia":[{"embeddable":true,"href":"https:\/\/elluchador.info\/index.php?rest_route=\/wp\/v2\/media\/289409"}],"wp:attachment":[{"href":"https:\/\/elluchador.info\/index.php?rest_route=%2Fwp%2Fv2%2Fmedia&parent=289408"}],"wp:term":[{"taxonomy":"category","embeddable":true,"href":"https:\/\/elluchador.info\/index.php?rest_route=%2Fwp%2Fv2%2Fcategories&post=289408"},{"taxonomy":"post_tag","embeddable":true,"href":"https:\/\/elluchador.info\/index.php?rest_route=%2Fwp%2Fv2%2Ftags&post=289408"}],"curies":[{"name":"wp","href":"https:\/\/api.w.org\/{rel}","templated":true}]}}