{"id":289413,"date":"2025-09-12T08:17:49","date_gmt":"2025-09-12T12:17:49","guid":{"rendered":"https:\/\/elluchador.info\/?p=289413"},"modified":"2025-09-12T08:18:24","modified_gmt":"2025-09-12T12:18:24","slug":"cabello-llego-la-hora-de-la-guerra-revolucionaria-contra-un-enemigo-poderoso","status":"publish","type":"post","link":"https:\/\/elluchador.info\/?p=289413","title":{"rendered":"Cabello: \u00abLleg\u00f3 la hora de la guerra revolucionaria contra un enemigo poderoso\u00bb"},"content":{"rendered":"\n<p>\u200eEn una intervenci\u00f3n este jueves, el ministro venezolano de Interior y Justicia, Diosdado Cabello, convoc\u00f3 a activar lo que defini\u00f3 como una \u00abguerra revolucionaria\u00bb contra lo que identific\u00f3 como un rival \u00abpoderoso\u00bb, en alusi\u00f3n a Estados Unidos.<br>\u200e<br>\u200eCabello vincul\u00f3 su llamado a la presencia militar estadounidense en el mar Caribe \u2014que Caracas interpreta como una maniobra para impulsar un \u00abcambio de r\u00e9gimen\u00bb\u2014 y convoc\u00f3 a reforzar capacidades nacionales para una confrontaci\u00f3n prolongada.<br>\u200e<br><strong>\u200eMensaje desde una plenaria chavista<\/strong><br>\u200e<br>\u200eLa exhortaci\u00f3n de Cabello fue pronunciada en una plenaria del chavismo transmitida por el canal estatal Venezolana de Televisi\u00f3n (VTV). En ese foro sostuvo que \u00ablleg\u00f3 la hora de la guerra revolucionaria contra un enemigo poderoso\u00bb y plante\u00f3 la necesidad de revisar \u00abinmediatamente todas las formas, m\u00e1s all\u00e1 de lo que ya existe\u00bb.<br>\u200e<br>\u200eSobre \u00ablo que ya existe\u00bb, el ministro enumer\u00f3 a \u00abnuestra Fuerza Armada Nacional Bolivariana, nuestra milicia, cuerpos policiales y organizaci\u00f3n popular\u00bb, como los pilares sobre los que debe apoyarse la respuesta nacional.<br>\u200e<br><strong>\u200eNi subestimar ni sobredimensionar al adversario<\/strong><br>\u200e<br>\u200eCabello advirti\u00f3 que no se debe ni \u00absubestimar a ese enemigo\u00bb ni \u00absobrestimarlo\u00bb, y asegur\u00f3 con rotundidad: \u00abSon derrotables, ellos lo saben\u00bb. Adem\u00e1s, subray\u00f3 que \u00abel imperialismo y sus aliados\u00bb deben comprender que un pueblo que asume \u00abcon dignidad una lucha no hay nada que lo detenga\u00bb.<br>\u200e<br>\u200eEn su alocuci\u00f3n hizo referencia hist\u00f3rica: \u00abHemos visto a pueblos peque\u00f1os que se han impuesto y derrotado a grandes Ej\u00e9rcitos. Quien quiera recuerde a Vietnam (\u2026), cuando un pueblo peque\u00f1o, pero con una voluntad f\u00e9rrea, y unido, fue capaz de darle una soberana lecci\u00f3n al imperialismo norteamericano. No es con la guerra convencional. Es otro tipo de guerra y tenemos que pasar a esa fase y prepararnos\u00bb.<br>\u200e<br>\u200e<strong>De la paz al combate, seg\u00fan Cabello <\/strong><\/p>\n\n\n\n<p>El ministro afirm\u00f3 que su planteamiento \u00abno es apolog\u00eda a la guerra\u00bb sino, a su juicio, \u00abamor a la libertad\u00bb. A continuaci\u00f3n llam\u00f3 a una transformaci\u00f3n de la lucha: \u00abTenemos que pasar de una revoluci\u00f3n pac\u00edfica a una revoluci\u00f3n armada, a una lucha armada por la patria, por nuestra independencia, por nuestra soberan\u00eda contra el opresor\u00bb.<br>\u200e<br>\u200eSobre el car\u00e1cter del eventual conflicto, Cabello insisti\u00f3 en que \u00abesa guerra que no ser\u00e1 convencional\u00bb deber\u00e1 librarse \u00aben todos los sitios, en todos los terrenos, en todos los frentes\u00bb con lo que se tenga \u00aba mano\u00bb. En su mensaje tambi\u00e9n lanz\u00f3 una advertencia dirigida a quienes identifica como opositores: \u00abVer\u00e1n los vende patrias que est\u00e1n aqu\u00ed qu\u00e9 van a hacer, pero a la hora de defender la patria la duda es traici\u00f3n. Y ese enemigo imperial debe tenerlo bien claro, debe saber que a nosotros no nos van a derrotar en dos d\u00edas. Si se meten con Venezuela esa guerra no va a durar dos d\u00edas, ni tres, ni cuatro, ni cinco. Ser\u00e1n 100 a\u00f1os de guerra, pero los vamos a derrotar\u00bb.<br>\u200e<br><strong>\u200eLlamado a la resistencia prolongada<\/strong><br>\u200e<br>\u200eCabello abog\u00f3 por \u00abuna resistencia activa prolongada\u00bb, argumentando que Estados Unidos \u00abnunca va a estar preparado para una guerra prolongada\u00bb. Con tono desafiante a\u00f1adi\u00f3 que, m\u00e1s all\u00e1 de la superioridad tecnol\u00f3gica que atribuye al vecino norteamericano \u2014\u00absus aviones, sus submarinos, de sus naves nucleares\u00bb\u2014 llegar\u00e1 el momento en que \u00abtendr\u00e1n que poner los pies en tierra venezolana y ah\u00ed van a saber de qu\u00e9 est\u00e1 hecho este pueblo\u00bb, dijo.<br>\u200e<br>\u200eCon informaci\u00f3n <strong>\u00daN<\/strong><\/p>\n","protected":false},"excerpt":{"rendered":"<p>\u200eEn una intervenci\u00f3n este jueves, el ministro venezolano de Interior y Justicia, Diosdado Cabello, convoc\u00f3 a activar lo que defini\u00f3 como una \u00abguerra revolucionaria\u00bb contra lo que identific\u00f3 como un rival \u00abpoderoso\u00bb, en alusi\u00f3n a Estados Unidos.\u200e\u200eCabello vincul\u00f3 su llamado a la presencia militar estadounidense en el mar Caribe \u2014que Caracas interpreta como una maniobra [&hellip;]<\/p>\n","protected":false},"author":33,"featured_media":289414,"comment_status":"closed","ping_status":"closed","sticky":false,"template":"","format":"standard","meta":{"footnotes":""},"categories":[11],"tags":[1569,506,284],"class_list":{"0":"post-289413","1":"post","2":"type-post","3":"status-publish","4":"format-standard","5":"has-post-thumbnail","7":"category-politica","8":"tag-cabello","9":"tag-diosdado","10":"tag-psuv"},"_links":{"self":[{"href":"https:\/\/elluchador.info\/index.php?rest_route=\/wp\/v2\/posts\/289413","targetHints":{"allow":["GET"]}}],"collection":[{"href":"https:\/\/elluchador.info\/index.php?rest_route=\/wp\/v2\/posts"}],"about":[{"href":"https:\/\/elluchador.info\/index.php?rest_route=\/wp\/v2\/types\/post"}],"author":[{"embeddable":true,"href":"https:\/\/elluchador.info\/index.php?rest_route=\/wp\/v2\/users\/33"}],"replies":[{"embeddable":true,"href":"https:\/\/elluchador.info\/index.php?rest_route=%2Fwp%2Fv2%2Fcomments&post=289413"}],"version-history":[{"count":1,"href":"https:\/\/elluchador.info\/index.php?rest_route=\/wp\/v2\/posts\/289413\/revisions"}],"predecessor-version":[{"id":289415,"href":"https:\/\/elluchador.info\/index.php?rest_route=\/wp\/v2\/posts\/289413\/revisions\/289415"}],"wp:featuredmedia":[{"embeddable":true,"href":"https:\/\/elluchador.info\/index.php?rest_route=\/wp\/v2\/media\/289414"}],"wp:attachment":[{"href":"https:\/\/elluchador.info\/index.php?rest_route=%2Fwp%2Fv2%2Fmedia&parent=289413"}],"wp:term":[{"taxonomy":"category","embeddable":true,"href":"https:\/\/elluchador.info\/index.php?rest_route=%2Fwp%2Fv2%2Fcategories&post=289413"},{"taxonomy":"post_tag","embeddable":true,"href":"https:\/\/elluchador.info\/index.php?rest_route=%2Fwp%2Fv2%2Ftags&post=289413"}],"curies":[{"name":"wp","href":"https:\/\/api.w.org\/{rel}","templated":true}]}}