{"id":289449,"date":"2025-09-12T13:21:39","date_gmt":"2025-09-12T17:21:39","guid":{"rendered":"https:\/\/elluchador.info\/?p=289449"},"modified":"2025-09-12T13:21:43","modified_gmt":"2025-09-12T17:21:43","slug":"angostura-creativa-representara-a-bolivar-en-la-vi-bienal-del-sur-pueblos-en-resistencia","status":"publish","type":"post","link":"https:\/\/elluchador.info\/?p=289449","title":{"rendered":"Angostura Creativa representar\u00e1 a Bol\u00edvar en la VI Bienal del Sur Pueblos en Resistencia"},"content":{"rendered":"\n<p>\u200eEste 3 de octubre se inaugurar\u00e1 en Caracas la VI Bienal del Sur Pueblos en Resistencia 2025, enfocada en el lema \u201cPueblos en Resistencia. El Poder de la Diversidad\u201d. Un evento de talla internacional en el que se espera la participaci\u00f3n de 100 artistas nacionales y 50 internacionales. <\/p>\n\n\n\n<p>\u200eTras una intensa jornada de selecci\u00f3n el estado Bol\u00edvar ya cuenta con sus representantes para esta importante gala art\u00edstica que re\u00fane a lo m\u00e1s granado de las artes pl\u00e1sticas de Venezuela y diversos pa\u00edses, para mostrar la diversidad cultural como una forma de resistencia contra la homogeneizaci\u00f3n. <\/p>\n\n\n\n<p>\u200eSe trata del Colectivo Angostura Creativa, una organizaci\u00f3n que naci\u00f3 en el a\u00f1o 2021 como iniciativa del profesor Daniel Guerra Garc\u00eda, profesores de la Unearte y estudiantes, y que hoy se consolida por su originalidad, investigaci\u00f3n y preparaci\u00f3n art\u00edstica de alto nivel. <\/p>\n\n\n\n<p>\u200eAngostura Creativa est\u00e1 conformado por Daniel Guerra Garc\u00eda, Mireya N\u00fa\u00f1ez y Giovanni Escala, profesores de la Unearte, y el profesor F\u00e9lix Morillo. <\/p>\n\n\n\n<p>\u200eTodos experimentados en las artes y en la educaci\u00f3n con amplia trayectoria, ligados al Museo Soto, la UBV y el Ministerio del Poder Popular para la Cultura; y los estudiantes de Unearte Daniel Viera, Raiza Bernay y Maritza Custodio. <\/p>\n\n\n\n<p>\u200ePara esta participaci\u00f3n en la VI Bienal del Sur, organizada por el MinCultura Venezuela, Angostura Creativa ha preparado la obra: 206 Caballitos de San Juan de Angostura a Caracas, en tributo a los 206 a\u00f1os del Congreso de Angostura. <\/p>\n\n\n\n<p>\u200e\u201cUna instalaci\u00f3n que estar\u00e1 plenando la ciudad de Caracas exaltando el elemento art\u00edstico y el significado artesanal del caballito, en la idiosincrasia del pueblo\u201d, expres\u00f3 Guerra Garc\u00eda, destacando que a esta labor se suma Rafaela Perdomo, cultora emblem\u00e1tica en la elaboraci\u00f3n de Caballitos de San Juan en Ciudad Bol\u00edvar. <\/p>\n\n\n\n<p>\u200e\u201cNuestro prop\u00f3sito es exaltar nuestras tradiciones, llev\u00e1ndolas a obras artes para dar a conocer el patrimonio de la regi\u00f3n\u201d, agreg\u00f3 Guerra Garc\u00eda. <\/p>\n\n\n\n<p>Vale destacar que la VI Bienal del Sur \u201cPueblos en Resistencia\u201d abrir\u00e1 sus puertas desde el\u00a0 3 de octubre de 2025 al 16 de enero de 2026. Entre los artistas confirmados, se incluyen creadores de pa\u00edses como Cuba, Honduras, M\u00e9xico, Nicaragua, Bolivia, Colombia, Argentina, Togo, Ruanda, Ir\u00e1n, Palestina y Turqu\u00eda. <\/p>\n\n\n\n<p>Adem\u00e1s de presentar las galer\u00edas tradicionales, esta edici\u00f3n de la Bienal del Sur se extender\u00e1 a espacios p\u00fablicos y comunidades de la capital venezolana. <\/p>\n\n\n\n<p>\u200e<strong>Gledis Bonilla<\/strong><\/p>\n\n\n\n<p>\u200e<\/p>\n","protected":false},"excerpt":{"rendered":"<p>\u200eEste 3 de octubre se inaugurar\u00e1 en Caracas la VI Bienal del Sur Pueblos en Resistencia 2025, enfocada en el lema \u201cPueblos en Resistencia. El Poder de la Diversidad\u201d. Un evento de talla internacional en el que se espera la participaci\u00f3n de 100 artistas nacionales y 50 internacionales. \u200eTras una intensa jornada de selecci\u00f3n el [&hellip;]<\/p>\n","protected":false},"author":33,"featured_media":289450,"comment_status":"closed","ping_status":"closed","sticky":false,"template":"","format":"standard","meta":{"footnotes":""},"categories":[1160],"tags":[2844,306,1816],"class_list":{"0":"post-289449","1":"post","2":"type-post","3":"status-publish","4":"format-standard","5":"has-post-thumbnail","7":"category-cultura","8":"tag-arte","9":"tag-ciudad-bolivar","10":"tag-regional"},"_links":{"self":[{"href":"https:\/\/elluchador.info\/index.php?rest_route=\/wp\/v2\/posts\/289449","targetHints":{"allow":["GET"]}}],"collection":[{"href":"https:\/\/elluchador.info\/index.php?rest_route=\/wp\/v2\/posts"}],"about":[{"href":"https:\/\/elluchador.info\/index.php?rest_route=\/wp\/v2\/types\/post"}],"author":[{"embeddable":true,"href":"https:\/\/elluchador.info\/index.php?rest_route=\/wp\/v2\/users\/33"}],"replies":[{"embeddable":true,"href":"https:\/\/elluchador.info\/index.php?rest_route=%2Fwp%2Fv2%2Fcomments&post=289449"}],"version-history":[{"count":1,"href":"https:\/\/elluchador.info\/index.php?rest_route=\/wp\/v2\/posts\/289449\/revisions"}],"predecessor-version":[{"id":289451,"href":"https:\/\/elluchador.info\/index.php?rest_route=\/wp\/v2\/posts\/289449\/revisions\/289451"}],"wp:featuredmedia":[{"embeddable":true,"href":"https:\/\/elluchador.info\/index.php?rest_route=\/wp\/v2\/media\/289450"}],"wp:attachment":[{"href":"https:\/\/elluchador.info\/index.php?rest_route=%2Fwp%2Fv2%2Fmedia&parent=289449"}],"wp:term":[{"taxonomy":"category","embeddable":true,"href":"https:\/\/elluchador.info\/index.php?rest_route=%2Fwp%2Fv2%2Fcategories&post=289449"},{"taxonomy":"post_tag","embeddable":true,"href":"https:\/\/elluchador.info\/index.php?rest_route=%2Fwp%2Fv2%2Ftags&post=289449"}],"curies":[{"name":"wp","href":"https:\/\/api.w.org\/{rel}","templated":true}]}}