{"id":289452,"date":"2025-09-12T14:44:44","date_gmt":"2025-09-12T18:44:44","guid":{"rendered":"https:\/\/elluchador.info\/?p=289452"},"modified":"2025-09-12T14:44:48","modified_gmt":"2025-09-12T18:44:48","slug":"ministro-rodriguez-reitera-que-las-clases-inician-el-15-de-septiembre","status":"publish","type":"post","link":"https:\/\/elluchador.info\/?p=289452","title":{"rendered":"Ministro Rodr\u00edguez reitera que las clases inician el 15 de septiembre"},"content":{"rendered":"\n<p>El ministro del Poder Popular para la Educaci\u00f3n, H\u00e9ctor Rodr\u00edguez, ratific\u00f3 este viernes el inicio del a\u00f1o escolar 2025-2026 para el pr\u00f3ximo lunes 15 de septiembre. El anuncio se realiz\u00f3 durante la presentaci\u00f3n del calendario escolar a trav\u00e9s del canal de YouTube del Ministerio para la Educaci\u00f3n.<\/p>\n\n\n\n<p>\u200bDurante el evento, en el marco del Plan Nacional de Formaci\u00f3n Docente, el ministro Rodr\u00edguez hizo un llamado a los docentes a recibir a los estudiantes, destacando la incorporaci\u00f3n de 110.000 nuevos ni\u00f1os y ni\u00f1as a la matr\u00edcula escolar.<\/p>\n\n\n\n<p><strong>\u200bCalendario y metas educativas<\/strong><br>\u200bEl ministro detall\u00f3 el cronograma acad\u00e9mico, el cual se desarrollar\u00e1 desde el 15 de septiembre hasta el 12 de diciembre, reanud\u00e1ndose el 12 de enero hasta el 31 de julio. Este calendario contempla 200 d\u00edas de clases, 60 d\u00edas de vacaciones y respeta los d\u00edas feriados.<\/p>\n\n\n\n<p>\u200bRodr\u00edguez, inst\u00f3 a los educadores a seguir el cronograma, enfatizando que existen retos acad\u00e9micos que deben ser superados para garantizar la educaci\u00f3n de los estudiantes. \u00abCualquiera que sea el escenario, se debe garantizar la educaci\u00f3n de los hijos e hijas de la patria\u00bb, afirm\u00f3.<\/p>\n\n\n\n<p><strong>\u200bApoyo y calidad educativa<\/strong><br>\u200bComo parte de las nuevas estrategias, el ministro inform\u00f3 que estudiantes con los mejores promedios apoyar\u00e1n a sus compa\u00f1eros en el estudio de ciertas materias. Esta iniciativa, seg\u00fan Rodr\u00edguez, no busca reemplazar a los profesores, sino ofrecer a los j\u00f3venes una oportunidad para que se \u00abenamoren de la profesi\u00f3n docente\u00bb.<\/p>\n\n\n\n<p>\u200bAl finalizar, el ministro reiter\u00f3 la visi\u00f3n de una educaci\u00f3n \u00abpara todos, no excluyente\u00bb y de calidad, donde los estudiantes \u00abrealmente aprendan\u00bb. Exhort\u00f3 a los directores regionales a garantizar que el calendario escolar se cumpla en su totalidad, asegurando que los contenidos sean impartidos de manera completa.<\/p>\n\n\n\n<p>Con informaci\u00f3n de <strong>agencias<\/strong><\/p>\n","protected":false},"excerpt":{"rendered":"<p>El ministro del Poder Popular para la Educaci\u00f3n, H\u00e9ctor Rodr\u00edguez, ratific\u00f3 este viernes el inicio del a\u00f1o escolar 2025-2026 para el pr\u00f3ximo lunes 15 de septiembre. El anuncio se realiz\u00f3 durante la presentaci\u00f3n del calendario escolar a trav\u00e9s del canal de YouTube del Ministerio para la Educaci\u00f3n. \u200bDurante el evento, en el marco del Plan [&hellip;]<\/p>\n","protected":false},"author":38,"featured_media":289453,"comment_status":"closed","ping_status":"closed","sticky":false,"template":"","format":"standard","meta":{"footnotes":""},"categories":[5,9],"tags":[105],"class_list":{"0":"post-289452","1":"post","2":"type-post","3":"status-publish","4":"format-standard","5":"has-post-thumbnail","7":"category-destacado","8":"category-nacionales","9":"tag-venezuela"},"_links":{"self":[{"href":"https:\/\/elluchador.info\/index.php?rest_route=\/wp\/v2\/posts\/289452","targetHints":{"allow":["GET"]}}],"collection":[{"href":"https:\/\/elluchador.info\/index.php?rest_route=\/wp\/v2\/posts"}],"about":[{"href":"https:\/\/elluchador.info\/index.php?rest_route=\/wp\/v2\/types\/post"}],"author":[{"embeddable":true,"href":"https:\/\/elluchador.info\/index.php?rest_route=\/wp\/v2\/users\/38"}],"replies":[{"embeddable":true,"href":"https:\/\/elluchador.info\/index.php?rest_route=%2Fwp%2Fv2%2Fcomments&post=289452"}],"version-history":[{"count":1,"href":"https:\/\/elluchador.info\/index.php?rest_route=\/wp\/v2\/posts\/289452\/revisions"}],"predecessor-version":[{"id":289454,"href":"https:\/\/elluchador.info\/index.php?rest_route=\/wp\/v2\/posts\/289452\/revisions\/289454"}],"wp:featuredmedia":[{"embeddable":true,"href":"https:\/\/elluchador.info\/index.php?rest_route=\/wp\/v2\/media\/289453"}],"wp:attachment":[{"href":"https:\/\/elluchador.info\/index.php?rest_route=%2Fwp%2Fv2%2Fmedia&parent=289452"}],"wp:term":[{"taxonomy":"category","embeddable":true,"href":"https:\/\/elluchador.info\/index.php?rest_route=%2Fwp%2Fv2%2Fcategories&post=289452"},{"taxonomy":"post_tag","embeddable":true,"href":"https:\/\/elluchador.info\/index.php?rest_route=%2Fwp%2Fv2%2Ftags&post=289452"}],"curies":[{"name":"wp","href":"https:\/\/api.w.org\/{rel}","templated":true}]}}