{"id":289626,"date":"2025-09-14T12:50:00","date_gmt":"2025-09-14T16:50:00","guid":{"rendered":"https:\/\/elluchador.info\/?p=289626"},"modified":"2025-09-14T15:31:48","modified_gmt":"2025-09-14T19:31:48","slug":"apagon-de-24-horas-provoca-protestas-en-cuba-este-14-de-septiembre","status":"publish","type":"post","link":"https:\/\/elluchador.info\/?p=289626","title":{"rendered":"Apag\u00f3n de 24 horas provoca protestas en Cuba este 14 de septiembre"},"content":{"rendered":"\n<p>La madrugada de este domingo, residentes de la ciudad de Gibara, en la provincia de Holgu\u00edn, salieron a las calles para protestar por un prolongado apag\u00f3n que superaba las 24 horas.<\/p>\n\n\n\n<p>\u200bLos manifestantes, que se movilizaron de manera espont\u00e1nea, utilizaron cacerolas y linternas para hacer o\u00edr su reclamo. Al grito de \u00ab\u00a1Queremos la corriente!\u00bb y la consigna \u00ab\u00a1El pueblo unido jam\u00e1s ser\u00e1 vencido!\u00bb, los residentes exigieron el restablecimiento inmediato del servicio el\u00e9ctrico.<\/p>\n\n\n\n<p>\u200bEsta manifestaci\u00f3n refleja la creciente frustraci\u00f3n en Cuba ante la crisis energ\u00e9tica. Seg\u00fan el Gobierno cubano, la situaci\u00f3n se debe a las frecuentes aver\u00edas en las centrales termoel\u00e9ctricas del pa\u00eds, muchas de las cuales tienen m\u00e1s de 40 a\u00f1os de antig\u00fcedad, as\u00ed como al d\u00e9ficit de combustible. Las autoridades han reconocido la falta de divisas para resolver estas problem\u00e1ticas.<\/p>\n\n\n\n<p>\u200bLos reclamos de los manifestantes de Gibara van m\u00e1s all\u00e1 de la falta de electricidad. Los participantes tambi\u00e9n expresaron su descontento por la escasez de alimentos y el deterioro de otros servicios b\u00e1sicos, reflejando una preocupaci\u00f3n generalizada por las necesidades de la comunidad.<\/p>\n\n\n\n<p>Con informaci\u00f3n de <strong>agencias<\/strong><\/p>\n","protected":false},"excerpt":{"rendered":"<p>La madrugada de este domingo, residentes de la ciudad de Gibara, en la provincia de Holgu\u00edn, salieron a las calles para protestar por un prolongado apag\u00f3n que superaba las 24 horas. \u200bLos manifestantes, que se movilizaron de manera espont\u00e1nea, utilizaron cacerolas y linternas para hacer o\u00edr su reclamo. Al grito de \u00ab\u00a1Queremos la corriente!\u00bb y [&hellip;]<\/p>\n","protected":false},"author":38,"featured_media":289627,"comment_status":"closed","ping_status":"closed","sticky":false,"template":"","format":"standard","meta":{"footnotes":""},"categories":[8],"tags":[448],"class_list":{"0":"post-289626","1":"post","2":"type-post","3":"status-publish","4":"format-standard","5":"has-post-thumbnail","7":"category-internacionales","8":"tag-mundo"},"_links":{"self":[{"href":"https:\/\/elluchador.info\/index.php?rest_route=\/wp\/v2\/posts\/289626","targetHints":{"allow":["GET"]}}],"collection":[{"href":"https:\/\/elluchador.info\/index.php?rest_route=\/wp\/v2\/posts"}],"about":[{"href":"https:\/\/elluchador.info\/index.php?rest_route=\/wp\/v2\/types\/post"}],"author":[{"embeddable":true,"href":"https:\/\/elluchador.info\/index.php?rest_route=\/wp\/v2\/users\/38"}],"replies":[{"embeddable":true,"href":"https:\/\/elluchador.info\/index.php?rest_route=%2Fwp%2Fv2%2Fcomments&post=289626"}],"version-history":[{"count":1,"href":"https:\/\/elluchador.info\/index.php?rest_route=\/wp\/v2\/posts\/289626\/revisions"}],"predecessor-version":[{"id":289628,"href":"https:\/\/elluchador.info\/index.php?rest_route=\/wp\/v2\/posts\/289626\/revisions\/289628"}],"wp:featuredmedia":[{"embeddable":true,"href":"https:\/\/elluchador.info\/index.php?rest_route=\/wp\/v2\/media\/289627"}],"wp:attachment":[{"href":"https:\/\/elluchador.info\/index.php?rest_route=%2Fwp%2Fv2%2Fmedia&parent=289626"}],"wp:term":[{"taxonomy":"category","embeddable":true,"href":"https:\/\/elluchador.info\/index.php?rest_route=%2Fwp%2Fv2%2Fcategories&post=289626"},{"taxonomy":"post_tag","embeddable":true,"href":"https:\/\/elluchador.info\/index.php?rest_route=%2Fwp%2Fv2%2Ftags&post=289626"}],"curies":[{"name":"wp","href":"https:\/\/api.w.org\/{rel}","templated":true}]}}