{"id":289673,"date":"2025-09-15T08:30:00","date_gmt":"2025-09-15T12:30:00","guid":{"rendered":"https:\/\/elluchador.info\/?p=289673"},"modified":"2025-09-15T00:05:48","modified_gmt":"2025-09-15T04:05:48","slug":"jornada-medica-pediatrica-beneficio-a-ninos-en-manuelita-saenz","status":"publish","type":"post","link":"https:\/\/elluchador.info\/?p=289673","title":{"rendered":"Jornada m\u00e9dica pedi\u00e1trica benefici\u00f3 a ni\u00f1os en Manuelita S\u00e1enz"},"content":{"rendered":"\n<p>Un total de 29 ni\u00f1os de diferentes sectores de la parte baja de Agua Salada fueron beneficiados con una jornada m\u00e9dica pedi\u00e1trica que se llev\u00f3 a cabo en el sal\u00f3n del urbanismo Manuelita S\u00e1enz, el pasado viernes 12 de septiembre.<\/p>\n\n\n\n<p>Madres, padres y representantes del sector I-1 acudieron al lugar con sus hijos desde tempranas horas de la ma\u00f1ana para ser atendidos.<\/p>\n\n\n\n<p>Un total de 22 ni\u00f1os fueron atendidos en la consulta m\u00e9dica, que incluy\u00f3 entrega de desparasitantes, antigripales y multivitam\u00ednicos. Los 7 ni\u00f1os restantes, con edades entre 0 y 9 a\u00f1os, fueron vacunados con la trivalente y la polio.<\/p>\n\n\n\n<p>La jornada fue liderada por el Dr. Luis Bellor\u00edn y la enfermera Luz Marina del Valle, y cont\u00f3 con el apoyo de la Sra. Yurbi Cruz, la juez de paz Ana Urdaneta y la l\u00edder comunitaria Ana Pe\u00f1a.<\/p>\n\n\n\n<p>\u201cSe trata de un beneficio gratuito que llega a nuestras comunidades en el marco de las pol\u00edticas del presidente Nicol\u00e1s Maduro y la Gobernadora Yulisbeth Garc\u00eda, con el objetivo de llevar atenci\u00f3n m\u00e9dica a las comunidades\u201d, expresaron las l\u00edderes comunitarias.<\/p>\n\n\n\n<p><strong>Gledis Bonilla<\/strong><\/p>\n","protected":false},"excerpt":{"rendered":"<p>Un total de 29 ni\u00f1os de diferentes sectores de la parte baja de Agua Salada fueron beneficiados con una jornada m\u00e9dica pedi\u00e1trica que se llev\u00f3 a cabo en el sal\u00f3n del urbanismo Manuelita S\u00e1enz, el pasado viernes 12 de septiembre. Madres, padres y representantes del sector I-1 acudieron al lugar con sus hijos desde tempranas [&hellip;]<\/p>\n","protected":false},"author":38,"featured_media":289674,"comment_status":"closed","ping_status":"closed","sticky":false,"template":"","format":"standard","meta":{"footnotes":""},"categories":[2],"tags":[185,306,105],"class_list":{"0":"post-289673","1":"post","2":"type-post","3":"status-publish","4":"format-standard","5":"has-post-thumbnail","7":"category-comunidad","8":"tag-bolivar","9":"tag-ciudad-bolivar","10":"tag-venezuela"},"_links":{"self":[{"href":"https:\/\/elluchador.info\/index.php?rest_route=\/wp\/v2\/posts\/289673","targetHints":{"allow":["GET"]}}],"collection":[{"href":"https:\/\/elluchador.info\/index.php?rest_route=\/wp\/v2\/posts"}],"about":[{"href":"https:\/\/elluchador.info\/index.php?rest_route=\/wp\/v2\/types\/post"}],"author":[{"embeddable":true,"href":"https:\/\/elluchador.info\/index.php?rest_route=\/wp\/v2\/users\/38"}],"replies":[{"embeddable":true,"href":"https:\/\/elluchador.info\/index.php?rest_route=%2Fwp%2Fv2%2Fcomments&post=289673"}],"version-history":[{"count":1,"href":"https:\/\/elluchador.info\/index.php?rest_route=\/wp\/v2\/posts\/289673\/revisions"}],"predecessor-version":[{"id":289675,"href":"https:\/\/elluchador.info\/index.php?rest_route=\/wp\/v2\/posts\/289673\/revisions\/289675"}],"wp:featuredmedia":[{"embeddable":true,"href":"https:\/\/elluchador.info\/index.php?rest_route=\/wp\/v2\/media\/289674"}],"wp:attachment":[{"href":"https:\/\/elluchador.info\/index.php?rest_route=%2Fwp%2Fv2%2Fmedia&parent=289673"}],"wp:term":[{"taxonomy":"category","embeddable":true,"href":"https:\/\/elluchador.info\/index.php?rest_route=%2Fwp%2Fv2%2Fcategories&post=289673"},{"taxonomy":"post_tag","embeddable":true,"href":"https:\/\/elluchador.info\/index.php?rest_route=%2Fwp%2Fv2%2Ftags&post=289673"}],"curies":[{"name":"wp","href":"https:\/\/api.w.org\/{rel}","templated":true}]}}