{"id":289751,"date":"2025-09-15T17:18:03","date_gmt":"2025-09-15T21:18:03","guid":{"rendered":"https:\/\/elluchador.info\/?p=289751"},"modified":"2025-09-15T17:18:07","modified_gmt":"2025-09-15T21:18:07","slug":"trump-afirmo-que-ee-uu-ataco-una-segunda-embarcacion-con-tres-presuntos-narcotraficantes-de-venezuela","status":"publish","type":"post","link":"https:\/\/elluchador.info\/?p=289751","title":{"rendered":"Trump afirm\u00f3 que EE.UU. atac\u00f3 una segunda embarcaci\u00f3n con tres \u00abpresuntos narcotraficantes\u00bb de Venezuela"},"content":{"rendered":"\n<p>Este lunes 15 de septiembre, el presidente estadounidense, Donald Trump, en una publicaci\u00f3n en su cuenta en X, anunci\u00f3 un segundo ataque a una segunda embarcaci\u00f3n en el mar Caribe que transportaba presuntamente a tres narcotraficantes venezolanos.<\/p>\n\n\n<div class=\"wp-block-image\">\n<figure class=\"aligncenter size-large is-resized\"><img loading=\"lazy\" decoding=\"async\" width=\"820\" height=\"1024\" src=\"https:\/\/elluchador.info\/wp-content\/uploads\/2025\/09\/post-elnacionalweb-sep-15-2025-820x1024.jpeg\" alt=\"\" class=\"wp-image-289753\" style=\"width:490px;height:auto\" srcset=\"https:\/\/elluchador.info\/wp-content\/uploads\/2025\/09\/post-elnacionalweb-sep-15-2025-820x1024.jpeg 820w, https:\/\/elluchador.info\/wp-content\/uploads\/2025\/09\/post-elnacionalweb-sep-15-2025-240x300.jpeg 240w, https:\/\/elluchador.info\/wp-content\/uploads\/2025\/09\/post-elnacionalweb-sep-15-2025-768x959.jpeg 768w, https:\/\/elluchador.info\/wp-content\/uploads\/2025\/09\/post-elnacionalweb-sep-15-2025-1230x1536.jpeg 1230w, https:\/\/elluchador.info\/wp-content\/uploads\/2025\/09\/post-elnacionalweb-sep-15-2025-150x187.jpeg 150w, https:\/\/elluchador.info\/wp-content\/uploads\/2025\/09\/post-elnacionalweb-sep-15-2025-300x375.jpeg 300w, https:\/\/elluchador.info\/wp-content\/uploads\/2025\/09\/post-elnacionalweb-sep-15-2025-696x869.jpeg 696w, https:\/\/elluchador.info\/wp-content\/uploads\/2025\/09\/post-elnacionalweb-sep-15-2025-1068x1334.jpeg 1068w, https:\/\/elluchador.info\/wp-content\/uploads\/2025\/09\/post-elnacionalweb-sep-15-2025.jpeg 1440w\" sizes=\"auto, (max-width: 820px) 100vw, 820px\" \/><\/figure>\n<\/div>\n\n\n<p>\u201cLas Fuerzas Armadas de EE UU llevaron a cabo un segundo ataque contra c\u00e1rteles de narcotraficantes y narcoterroristas extraordinariamente violentos e identificados con certeza en la zona de responsabilidad del Comando Sur\u201d, asegur\u00f3 el mandatario en su perfil de la red social Truth Social.<\/p>\n\n\n\n<figure class=\"wp-block-video aligncenter\"><video height=\"900\" style=\"aspect-ratio: 720 \/ 900;\" width=\"720\" controls src=\"https:\/\/elluchador.info\/wp-content\/uploads\/2025\/09\/post-elnacionalweb-sep-15-2025.mp4\"><\/video><\/figure>\n\n\n\n<p><em>Noticia en Desarrollo<\/em><\/p>\n","protected":false},"excerpt":{"rendered":"<p>Este lunes 15 de septiembre, el presidente estadounidense, Donald Trump, en una publicaci\u00f3n en su cuenta en X, anunci\u00f3 un segundo ataque a una segunda embarcaci\u00f3n en el mar Caribe que transportaba presuntamente a tres narcotraficantes venezolanos. \u201cLas Fuerzas Armadas de EE UU llevaron a cabo un segundo ataque contra c\u00e1rteles de narcotraficantes y narcoterroristas [&hellip;]<\/p>\n","protected":false},"author":33,"featured_media":289754,"comment_status":"closed","ping_status":"closed","sticky":false,"template":"","format":"standard","meta":{"footnotes":""},"categories":[8],"tags":[3776,42],"class_list":{"0":"post-289751","1":"post","2":"type-post","3":"status-publish","4":"format-standard","5":"has-post-thumbnail","7":"category-internacionales","8":"tag-embarcacion","9":"tag-trump"},"_links":{"self":[{"href":"https:\/\/elluchador.info\/index.php?rest_route=\/wp\/v2\/posts\/289751","targetHints":{"allow":["GET"]}}],"collection":[{"href":"https:\/\/elluchador.info\/index.php?rest_route=\/wp\/v2\/posts"}],"about":[{"href":"https:\/\/elluchador.info\/index.php?rest_route=\/wp\/v2\/types\/post"}],"author":[{"embeddable":true,"href":"https:\/\/elluchador.info\/index.php?rest_route=\/wp\/v2\/users\/33"}],"replies":[{"embeddable":true,"href":"https:\/\/elluchador.info\/index.php?rest_route=%2Fwp%2Fv2%2Fcomments&post=289751"}],"version-history":[{"count":1,"href":"https:\/\/elluchador.info\/index.php?rest_route=\/wp\/v2\/posts\/289751\/revisions"}],"predecessor-version":[{"id":289755,"href":"https:\/\/elluchador.info\/index.php?rest_route=\/wp\/v2\/posts\/289751\/revisions\/289755"}],"wp:featuredmedia":[{"embeddable":true,"href":"https:\/\/elluchador.info\/index.php?rest_route=\/wp\/v2\/media\/289754"}],"wp:attachment":[{"href":"https:\/\/elluchador.info\/index.php?rest_route=%2Fwp%2Fv2%2Fmedia&parent=289751"}],"wp:term":[{"taxonomy":"category","embeddable":true,"href":"https:\/\/elluchador.info\/index.php?rest_route=%2Fwp%2Fv2%2Fcategories&post=289751"},{"taxonomy":"post_tag","embeddable":true,"href":"https:\/\/elluchador.info\/index.php?rest_route=%2Fwp%2Fv2%2Ftags&post=289751"}],"curies":[{"name":"wp","href":"https:\/\/api.w.org\/{rel}","templated":true}]}}