{"id":289782,"date":"2025-09-16T10:14:10","date_gmt":"2025-09-16T14:14:10","guid":{"rendered":"https:\/\/elluchador.info\/?p=289782"},"modified":"2025-09-16T10:14:45","modified_gmt":"2025-09-16T14:14:45","slug":"gobernadora-acompano-inicio-del-nuevo-ano-escolar-en-bolivar","status":"publish","type":"post","link":"https:\/\/elluchador.info\/?p=289782","title":{"rendered":"Gobernadora acompa\u00f1\u00f3 inicio del nuevo a\u00f1o escolar en Bol\u00edvar"},"content":{"rendered":"\n<p>Este lunes 15 de septiembre, la gobernadora del estado Bol\u00edvar, Yulisbeth Garc\u00eda, acompa\u00f1\u00f3 el inicio del nuevo a\u00f1o escolar 2025-2026, desde la UEN Dr. Luis Beltr\u00e1n Prieto Figueroa, ubicada en el sector Core 8, parroquia Unare, municipio Caron\u00ed.&nbsp;<\/p>\n\n\n\n<p>Garc\u00eda asegur\u00f3 que la asistencia en el estado Bol\u00edvar fue de un 80% de los ni\u00f1os y ni\u00f1as a sus aulas, n\u00famero que reafirma el compromiso con la educaci\u00f3n gratuita y de calidad.<\/p>\n\n\n\n<p>La l\u00edder regional elogi\u00f3 la dedicaci\u00f3n del equipo multidisciplinario que hace vida en los 1.287 planteles del estado, incluyendo a maestros, obreros y cocineros de la patria.<\/p>\n\n\n\n<p>Felicit\u00f3 a los padres, madres y representantes por su papel fundamental en este proceso. La gobernadora resalt\u00f3 que la pol\u00edtica de gobierno, impulsada por el presidente Nicol\u00e1s Maduro y el ministro H\u00e9ctor Rodr\u00edguez se consolida en la atenci\u00f3n integral a la infancia.&nbsp;<\/p>\n\n\n\n<p><strong>Educaci\u00f3n de calidad\u00a0<\/strong><\/p>\n\n\n\n<p>La gobernadora Yulisbeth Garc\u00eda asegur\u00f3 que el Gobierno Bolivariano envi\u00f3 dotaci\u00f3n de uniformes, morrales y cuadernos, garantizando que los ni\u00f1os y ni\u00f1as tengan las herramientas necesarias para su formaci\u00f3n.\u200b <\/p>\n\n\n\n<p>El acto de inicio estuvo cargado de simbolismo y cari\u00f1o para los m\u00e1s peque\u00f1os, a quienes la gobernadora llam\u00f3 \u201cla fuerza y generaci\u00f3n de relevo de Venezuela\u201d.<\/p>\n\n\n\n<p><strong>Prensa Gobernaci\u00f3n de Bol\u00edvar<\/strong><\/p>\n","protected":false},"excerpt":{"rendered":"<p>Este lunes 15 de septiembre, la gobernadora del estado Bol\u00edvar, Yulisbeth Garc\u00eda, acompa\u00f1\u00f3 el inicio del nuevo a\u00f1o escolar 2025-2026, desde la UEN Dr. Luis Beltr\u00e1n Prieto Figueroa, ubicada en el sector Core 8, parroquia Unare, municipio Caron\u00ed.&nbsp; Garc\u00eda asegur\u00f3 que la asistencia en el estado Bol\u00edvar fue de un 80% de los ni\u00f1os y [&hellip;]<\/p>\n","protected":false},"author":33,"featured_media":289783,"comment_status":"closed","ping_status":"closed","sticky":false,"template":"","format":"standard","meta":{"footnotes":""},"categories":[12],"tags":[5028,185],"class_list":{"0":"post-289782","1":"post","2":"type-post","3":"status-publish","4":"format-standard","5":"has-post-thumbnail","7":"category-regionales","8":"tag-ano-escolar","9":"tag-bolivar"},"_links":{"self":[{"href":"https:\/\/elluchador.info\/index.php?rest_route=\/wp\/v2\/posts\/289782","targetHints":{"allow":["GET"]}}],"collection":[{"href":"https:\/\/elluchador.info\/index.php?rest_route=\/wp\/v2\/posts"}],"about":[{"href":"https:\/\/elluchador.info\/index.php?rest_route=\/wp\/v2\/types\/post"}],"author":[{"embeddable":true,"href":"https:\/\/elluchador.info\/index.php?rest_route=\/wp\/v2\/users\/33"}],"replies":[{"embeddable":true,"href":"https:\/\/elluchador.info\/index.php?rest_route=%2Fwp%2Fv2%2Fcomments&post=289782"}],"version-history":[{"count":1,"href":"https:\/\/elluchador.info\/index.php?rest_route=\/wp\/v2\/posts\/289782\/revisions"}],"predecessor-version":[{"id":289784,"href":"https:\/\/elluchador.info\/index.php?rest_route=\/wp\/v2\/posts\/289782\/revisions\/289784"}],"wp:featuredmedia":[{"embeddable":true,"href":"https:\/\/elluchador.info\/index.php?rest_route=\/wp\/v2\/media\/289783"}],"wp:attachment":[{"href":"https:\/\/elluchador.info\/index.php?rest_route=%2Fwp%2Fv2%2Fmedia&parent=289782"}],"wp:term":[{"taxonomy":"category","embeddable":true,"href":"https:\/\/elluchador.info\/index.php?rest_route=%2Fwp%2Fv2%2Fcategories&post=289782"},{"taxonomy":"post_tag","embeddable":true,"href":"https:\/\/elluchador.info\/index.php?rest_route=%2Fwp%2Fv2%2Ftags&post=289782"}],"curies":[{"name":"wp","href":"https:\/\/api.w.org\/{rel}","templated":true}]}}