{"id":289800,"date":"2025-09-16T13:19:53","date_gmt":"2025-09-16T17:19:53","guid":{"rendered":"https:\/\/elluchador.info\/?p=289800"},"modified":"2025-09-16T13:20:01","modified_gmt":"2025-09-16T17:20:01","slug":"inicio-el-ano-escolar-2025-2026-en-angostura-del-orinoco","status":"publish","type":"post","link":"https:\/\/elluchador.info\/?p=289800","title":{"rendered":"Inici\u00f3 el A\u00f1o Escolar 2025-2026 en Angostura del Orinoco"},"content":{"rendered":"\n<p>En un ambiente lleno de alegr\u00eda, hermandad y esperanza, se dio inicio al a\u00f1o escolar 2025-2026 en todas las unidades educativas municipales del municipio Angostura del Orinoco en Ciudad Bol\u00edvar.<\/p>\n\n\n\n<p>Desde la Unidad Educativa Municipal Manuel Palacio Fajardo, la directora de Educaci\u00f3n Municipal, Marisol Garc\u00eda &nbsp;destac\u00f3 el entusiasmo con el que se recibi\u00f3 a los ni\u00f1os y ni\u00f1as de la patria.<\/p>\n\n\n\n<p>\u00abHoy damos la bienvenida a la generaci\u00f3n del presente y del futuro, quienes inician este nuevo ciclo escolar bajo las pol\u00edticas educativas del presidente Nicol\u00e1s Maduro, la gobernadora Yulisbeth Garc\u00eda y el alcalde Sergio Hern\u00e1ndez, apostando siempre por una educaci\u00f3n de excelencia\u00bb, afirm\u00f3.<\/p>\n\n\n\n<p>Durante la ma\u00f1ana, personal administrativo, docente y obrero se unieron para recibir a los estudiantes con actividades recreativas y culturales. Estas din\u00e1micas, realizadas en conjunto con instituciones hermanas, ofrecieron a los ni\u00f1os y ni\u00f1as momentos de integraci\u00f3n y aprendizaje en su primer d\u00eda de clases.<\/p>\n\n\n\n<p>La directora explic\u00f3 que a lo largo de la semana se desarrollar\u00e1n actividades de acompa\u00f1amiento en los distintos planteles educativos municipales.<\/p>\n\n\n\n<p>\u00abLa educaci\u00f3n es la columna vertebral del pa\u00eds. Nuestro compromiso es seguir construyendo una naci\u00f3n llena de oportunidades, desarrollo y progreso, de la mano con el poder popular y comunal\u00bb, subray\u00f3 Garc\u00eda. Este inicio escolar refleja el compromiso del municipio y de toda la regi\u00f3n en continuar formando a la juventud venezolana con valores, conocimientos y oportunidades para un futuro pr\u00f3spero.<\/p>\n\n\n\n<p><strong>Prensa Alcald\u00eda AO<\/strong><\/p>\n","protected":false},"excerpt":{"rendered":"<p>En un ambiente lleno de alegr\u00eda, hermandad y esperanza, se dio inicio al a\u00f1o escolar 2025-2026 en todas las unidades educativas municipales del municipio Angostura del Orinoco en Ciudad Bol\u00edvar. Desde la Unidad Educativa Municipal Manuel Palacio Fajardo, la directora de Educaci\u00f3n Municipal, Marisol Garc\u00eda &nbsp;destac\u00f3 el entusiasmo con el que se recibi\u00f3 a los [&hellip;]<\/p>\n","protected":false},"author":33,"featured_media":289801,"comment_status":"closed","ping_status":"closed","sticky":false,"template":"","format":"standard","meta":{"footnotes":""},"categories":[20],"tags":[185,306],"class_list":{"0":"post-289800","1":"post","2":"type-post","3":"status-publish","4":"format-standard","5":"has-post-thumbnail","7":"category-municipal","8":"tag-bolivar","9":"tag-ciudad-bolivar"},"_links":{"self":[{"href":"https:\/\/elluchador.info\/index.php?rest_route=\/wp\/v2\/posts\/289800","targetHints":{"allow":["GET"]}}],"collection":[{"href":"https:\/\/elluchador.info\/index.php?rest_route=\/wp\/v2\/posts"}],"about":[{"href":"https:\/\/elluchador.info\/index.php?rest_route=\/wp\/v2\/types\/post"}],"author":[{"embeddable":true,"href":"https:\/\/elluchador.info\/index.php?rest_route=\/wp\/v2\/users\/33"}],"replies":[{"embeddable":true,"href":"https:\/\/elluchador.info\/index.php?rest_route=%2Fwp%2Fv2%2Fcomments&post=289800"}],"version-history":[{"count":1,"href":"https:\/\/elluchador.info\/index.php?rest_route=\/wp\/v2\/posts\/289800\/revisions"}],"predecessor-version":[{"id":289802,"href":"https:\/\/elluchador.info\/index.php?rest_route=\/wp\/v2\/posts\/289800\/revisions\/289802"}],"wp:featuredmedia":[{"embeddable":true,"href":"https:\/\/elluchador.info\/index.php?rest_route=\/wp\/v2\/media\/289801"}],"wp:attachment":[{"href":"https:\/\/elluchador.info\/index.php?rest_route=%2Fwp%2Fv2%2Fmedia&parent=289800"}],"wp:term":[{"taxonomy":"category","embeddable":true,"href":"https:\/\/elluchador.info\/index.php?rest_route=%2Fwp%2Fv2%2Fcategories&post=289800"},{"taxonomy":"post_tag","embeddable":true,"href":"https:\/\/elluchador.info\/index.php?rest_route=%2Fwp%2Fv2%2Ftags&post=289800"}],"curies":[{"name":"wp","href":"https:\/\/api.w.org\/{rel}","templated":true}]}}