{"id":289872,"date":"2025-09-17T10:45:44","date_gmt":"2025-09-17T14:45:44","guid":{"rendered":"https:\/\/elluchador.info\/?p=289872"},"modified":"2025-09-17T10:45:47","modified_gmt":"2025-09-17T14:45:47","slug":"sindrome-de-kleefstra-un-trastorno-genetico-del-cromosoma-nueve","status":"publish","type":"post","link":"https:\/\/elluchador.info\/?p=289872","title":{"rendered":"S\u00edndrome de Kleefstra: Un trastorno gen\u00e9tico del cromosoma nueve"},"content":{"rendered":"\n<p>El D\u00eda Mundial del S\u00edndrome de Kleefstra se conmemora cada 17 de septiembre con el objetivo de visibilizar esta condici\u00f3n gen\u00e9tica poco frecuente, as\u00ed como sensibilizar a la sociedad y fomentar el apoyo a las familias y pacientes que viven con este diagn\u00f3stico.<\/p>\n\n\n\n<p><strong>\u00bfQu\u00e9 es el s\u00edndrome de Kleefstra?<\/strong><\/p>\n\n\n\n<p>Se trata de un trastorno gen\u00e9tico causado por la p\u00e9rdida o mutaci\u00f3n de un fragmento del cromosoma nueve. Entre sus caracter\u00edsticas principales se encuentran la discapacidad intelectual, problemas de desarrollo motor y del habla, as\u00ed como alteraciones m\u00e9dicas asociadas. El s\u00edndrome fue identificado en 2010 por la genetista holandesa Tjitske Kleefstra.<\/p>\n\n\n\n<p>Desde entonces, se han sumado esfuerzos de investigaci\u00f3n y acompa\u00f1amiento, aunque a\u00fan queda mucho por avanzar para mejorar la calidad de vida de quienes lo padecen. La conmemoraci\u00f3n de esta fecha impulsa la necesidad de promover estudios cient\u00edficos que permitan diagn\u00f3sticos m\u00e1s tempranos y tratamientos adecuados.<\/p>\n\n\n\n<p>Asimismo, busca generar pol\u00edticas de salud inclusivas que garanticen atenci\u00f3n m\u00e9dica y apoyo integral a las familias. El D\u00eda Mundial del S\u00edndrome de Kleefstra es tambi\u00e9n una invitaci\u00f3n a la solidaridad. Conocer, respetar y acompa\u00f1ar a quienes viven con esta condici\u00f3n es un paso esencial hacia una sociedad m\u00e1s emp\u00e1tica, inclusiva y justa.<\/p>\n\n\n\n<p>En la actualidad, no se ha establecido una cura para el s\u00edndrome de Kleefstra. El tratamiento se determina de acuerdo a los s\u00edntomas de cada paciente, por parte de un grupo de especialistas (ur\u00f3logo, cardi\u00f3logo). Se aplica terapia f\u00edsica, del lenguaje, ocupacional, de intervenci\u00f3n conductual e integraci\u00f3n sensorial, a fin de optimizar el desarrollo intelectual.<\/p>\n\n\n\n<p>Con informaci\u00f3n <strong>Agencias.-<\/strong><\/p>\n","protected":false},"excerpt":{"rendered":"<p>El D\u00eda Mundial del S\u00edndrome de Kleefstra se conmemora cada 17 de septiembre con el objetivo de visibilizar esta condici\u00f3n gen\u00e9tica poco frecuente, as\u00ed como sensibilizar a la sociedad y fomentar el apoyo a las familias y pacientes que viven con este diagn\u00f3stico. \u00bfQu\u00e9 es el s\u00edndrome de Kleefstra? Se trata de un trastorno gen\u00e9tico [&hellip;]<\/p>\n","protected":false},"author":33,"featured_media":289873,"comment_status":"closed","ping_status":"closed","sticky":false,"template":"","format":"standard","meta":{"footnotes":""},"categories":[19],"tags":[5031,5032],"class_list":{"0":"post-289872","1":"post","2":"type-post","3":"status-publish","4":"format-standard","5":"has-post-thumbnail","7":"category-salud","8":"tag-cromosoma","9":"tag-genetico"},"_links":{"self":[{"href":"https:\/\/elluchador.info\/index.php?rest_route=\/wp\/v2\/posts\/289872","targetHints":{"allow":["GET"]}}],"collection":[{"href":"https:\/\/elluchador.info\/index.php?rest_route=\/wp\/v2\/posts"}],"about":[{"href":"https:\/\/elluchador.info\/index.php?rest_route=\/wp\/v2\/types\/post"}],"author":[{"embeddable":true,"href":"https:\/\/elluchador.info\/index.php?rest_route=\/wp\/v2\/users\/33"}],"replies":[{"embeddable":true,"href":"https:\/\/elluchador.info\/index.php?rest_route=%2Fwp%2Fv2%2Fcomments&post=289872"}],"version-history":[{"count":1,"href":"https:\/\/elluchador.info\/index.php?rest_route=\/wp\/v2\/posts\/289872\/revisions"}],"predecessor-version":[{"id":289874,"href":"https:\/\/elluchador.info\/index.php?rest_route=\/wp\/v2\/posts\/289872\/revisions\/289874"}],"wp:featuredmedia":[{"embeddable":true,"href":"https:\/\/elluchador.info\/index.php?rest_route=\/wp\/v2\/media\/289873"}],"wp:attachment":[{"href":"https:\/\/elluchador.info\/index.php?rest_route=%2Fwp%2Fv2%2Fmedia&parent=289872"}],"wp:term":[{"taxonomy":"category","embeddable":true,"href":"https:\/\/elluchador.info\/index.php?rest_route=%2Fwp%2Fv2%2Fcategories&post=289872"},{"taxonomy":"post_tag","embeddable":true,"href":"https:\/\/elluchador.info\/index.php?rest_route=%2Fwp%2Fv2%2Ftags&post=289872"}],"curies":[{"name":"wp","href":"https:\/\/api.w.org\/{rel}","templated":true}]}}