{"id":289903,"date":"2025-09-17T13:27:40","date_gmt":"2025-09-17T17:27:40","guid":{"rendered":"https:\/\/elluchador.info\/?p=289903"},"modified":"2025-09-17T13:27:48","modified_gmt":"2025-09-17T17:27:48","slug":"sector-universitario-rindieron-un-homenaje-al-dr-jose-gregorio-hernandez-en-ciudad-bolivar","status":"publish","type":"post","link":"https:\/\/elluchador.info\/?p=289903","title":{"rendered":"Sector Universitario rindieron un homenaje al Dr. Jos\u00e9 Gregorio Hern\u00e1ndez en Ciudad Bol\u00edvar"},"content":{"rendered":"\n<p>En la Catedral Metropolitana Santo Tom\u00e1s Ap\u00f3stol, se congreg\u00f3 este mi\u00e9rcoles la comunidad acad\u00e9mica de Ciudad Bol\u00edvar para una misa de acci\u00f3n de gracias. La celebraci\u00f3n, convocada por el Consejo Estadal de Gesti\u00f3n Universitaria del estado Bol\u00edvar (CEGU Bol\u00edvar), se llev\u00f3 a cabo en el marco de la ruta hacia la canonizaci\u00f3n del Dr. Jos\u00e9 Gregorio Hern\u00e1ndez.<\/p>\n\n\n\n<p>El evento cont\u00f3 con la asistencia de representantes de diversas instituciones de educaci\u00f3n universitaria adscritas al CEGU Bol\u00edvar. Asimismo, la misa se contextualiza dentro de una programaci\u00f3n m\u00e1s amplia coordinada por la vicepresidencia sectorial del Socialismo Social y Territorial, con el Ministerio del Poder Popular para la Educaci\u00f3n Universitaria (MPPEU) a la cabeza. El MPPEU ha impulsado una actividad especial para el sector universitario, titulada \u00abHuellas del Dr. Jos\u00e9 Gregorio Hern\u00e1ndez: Acad\u00e9mico, Cient\u00edfico y M\u00e9dico\u00bb.<\/p>\n\n\n<div class=\"wp-block-image\">\n<figure class=\"aligncenter size-large is-resized\"><img loading=\"lazy\" decoding=\"async\" width=\"771\" height=\"1024\" src=\"https:\/\/elluchador.info\/wp-content\/uploads\/2025\/09\/IMG-20250917-WA0015-771x1024.jpg\" alt=\"\" class=\"wp-image-289906\" style=\"width:470px;height:auto\" srcset=\"https:\/\/elluchador.info\/wp-content\/uploads\/2025\/09\/IMG-20250917-WA0015-771x1024.jpg 771w, https:\/\/elluchador.info\/wp-content\/uploads\/2025\/09\/IMG-20250917-WA0015-226x300.jpg 226w, https:\/\/elluchador.info\/wp-content\/uploads\/2025\/09\/IMG-20250917-WA0015-768x1020.jpg 768w, https:\/\/elluchador.info\/wp-content\/uploads\/2025\/09\/IMG-20250917-WA0015-1156x1536.jpg 1156w, https:\/\/elluchador.info\/wp-content\/uploads\/2025\/09\/IMG-20250917-WA0015-1542x2048.jpg 1542w, https:\/\/elluchador.info\/wp-content\/uploads\/2025\/09\/IMG-20250917-WA0015-150x199.jpg 150w, https:\/\/elluchador.info\/wp-content\/uploads\/2025\/09\/IMG-20250917-WA0015-300x399.jpg 300w, https:\/\/elluchador.info\/wp-content\/uploads\/2025\/09\/IMG-20250917-WA0015-696x925.jpg 696w, https:\/\/elluchador.info\/wp-content\/uploads\/2025\/09\/IMG-20250917-WA0015-1068x1419.jpg 1068w, https:\/\/elluchador.info\/wp-content\/uploads\/2025\/09\/IMG-20250917-WA0015-1920x2551.jpg 1920w, https:\/\/elluchador.info\/wp-content\/uploads\/2025\/09\/IMG-20250917-WA0015.jpg 1927w\" sizes=\"auto, (max-width: 771px) 100vw, 771px\" \/><\/figure>\n<\/div>\n\n\n<p>El objetivo de estas acciones, que se replican en todos los Concejos Estadales de Gesti\u00f3n Universitaria del pa\u00eds el d\u00eda de hoy, es dar gracias, reflexionar y fortalecer lazos dentro de la comunidad universitaria.<\/p>\n\n\n<div class=\"wp-block-image\">\n<figure class=\"aligncenter size-large is-resized\"><img loading=\"lazy\" decoding=\"async\" width=\"1024\" height=\"574\" src=\"https:\/\/elluchador.info\/wp-content\/uploads\/2025\/09\/IMG-20250917-WA0012-1024x574.jpg\" alt=\"\" class=\"wp-image-289904\" style=\"width:626px;height:auto\" srcset=\"https:\/\/elluchador.info\/wp-content\/uploads\/2025\/09\/IMG-20250917-WA0012-1024x574.jpg 1024w, https:\/\/elluchador.info\/wp-content\/uploads\/2025\/09\/IMG-20250917-WA0012-300x168.jpg 300w, https:\/\/elluchador.info\/wp-content\/uploads\/2025\/09\/IMG-20250917-WA0012-768x431.jpg 768w, https:\/\/elluchador.info\/wp-content\/uploads\/2025\/09\/IMG-20250917-WA0012-150x84.jpg 150w, https:\/\/elluchador.info\/wp-content\/uploads\/2025\/09\/IMG-20250917-WA0012-696x390.jpg 696w, https:\/\/elluchador.info\/wp-content\/uploads\/2025\/09\/IMG-20250917-WA0012-1068x599.jpg 1068w, https:\/\/elluchador.info\/wp-content\/uploads\/2025\/09\/IMG-20250917-WA0012.jpg 1280w\" sizes=\"auto, (max-width: 1024px) 100vw, 1024px\" \/><\/figure>\n<\/div>\n\n\n<p>Vale acotar, que la canonizaci\u00f3n del Dr. Jos\u00e9 Gregorio Hern\u00e1ndez est\u00e1 prevista para el 19 de octubre de 2025. El solemne acto se llevar\u00e1 a cabo en la Bas\u00edlica de San Pedro, en Roma, tras el decreto del papa Le\u00f3n XIV en un Consistorio Ordinario P\u00fablico. Este evento convertir\u00e1 al Dr. Hern\u00e1ndez en el primer santo venezolano, un hito hist\u00f3rico para el pa\u00eds.<\/p>\n","protected":false},"excerpt":{"rendered":"<p>En la Catedral Metropolitana Santo Tom\u00e1s Ap\u00f3stol, se congreg\u00f3 este mi\u00e9rcoles la comunidad acad\u00e9mica de Ciudad Bol\u00edvar para una misa de acci\u00f3n de gracias. La celebraci\u00f3n, convocada por el Consejo Estadal de Gesti\u00f3n Universitaria del estado Bol\u00edvar (CEGU Bol\u00edvar), se llev\u00f3 a cabo en el marco de la ruta hacia la canonizaci\u00f3n del Dr. Jos\u00e9 [&hellip;]<\/p>\n","protected":false},"author":33,"featured_media":289905,"comment_status":"closed","ping_status":"closed","sticky":false,"template":"","format":"standard","meta":{"footnotes":""},"categories":[12],"tags":[185,306],"class_list":{"0":"post-289903","1":"post","2":"type-post","3":"status-publish","4":"format-standard","5":"has-post-thumbnail","7":"category-regionales","8":"tag-bolivar","9":"tag-ciudad-bolivar"},"_links":{"self":[{"href":"https:\/\/elluchador.info\/index.php?rest_route=\/wp\/v2\/posts\/289903","targetHints":{"allow":["GET"]}}],"collection":[{"href":"https:\/\/elluchador.info\/index.php?rest_route=\/wp\/v2\/posts"}],"about":[{"href":"https:\/\/elluchador.info\/index.php?rest_route=\/wp\/v2\/types\/post"}],"author":[{"embeddable":true,"href":"https:\/\/elluchador.info\/index.php?rest_route=\/wp\/v2\/users\/33"}],"replies":[{"embeddable":true,"href":"https:\/\/elluchador.info\/index.php?rest_route=%2Fwp%2Fv2%2Fcomments&post=289903"}],"version-history":[{"count":2,"href":"https:\/\/elluchador.info\/index.php?rest_route=\/wp\/v2\/posts\/289903\/revisions"}],"predecessor-version":[{"id":289908,"href":"https:\/\/elluchador.info\/index.php?rest_route=\/wp\/v2\/posts\/289903\/revisions\/289908"}],"wp:featuredmedia":[{"embeddable":true,"href":"https:\/\/elluchador.info\/index.php?rest_route=\/wp\/v2\/media\/289905"}],"wp:attachment":[{"href":"https:\/\/elluchador.info\/index.php?rest_route=%2Fwp%2Fv2%2Fmedia&parent=289903"}],"wp:term":[{"taxonomy":"category","embeddable":true,"href":"https:\/\/elluchador.info\/index.php?rest_route=%2Fwp%2Fv2%2Fcategories&post=289903"},{"taxonomy":"post_tag","embeddable":true,"href":"https:\/\/elluchador.info\/index.php?rest_route=%2Fwp%2Fv2%2Ftags&post=289903"}],"curies":[{"name":"wp","href":"https:\/\/api.w.org\/{rel}","templated":true}]}}