{"id":289916,"date":"2025-09-17T14:05:33","date_gmt":"2025-09-17T18:05:33","guid":{"rendered":"https:\/\/elluchador.info\/?p=289916"},"modified":"2025-09-17T14:05:35","modified_gmt":"2025-09-17T18:05:35","slug":"trafico-aereo-internacional-de-venezuela-cae-9-en-el-primer-semestre-de-2025","status":"publish","type":"post","link":"https:\/\/elluchador.info\/?p=289916","title":{"rendered":"Tr\u00e1fico a\u00e9reo internacional de Venezuela cae 9% en el primer semestre de 2025"},"content":{"rendered":"\n<p>La conectividad a\u00e9rea venezolana mantiene una tendencia negativa durante 2025. De acuerdo con cifras de la Asociaci\u00f3n Latinoamericana y del Caribe del Transporte A\u00e9reo (Alta), entre enero y julio el tr\u00e1fico internacional registr\u00f3 una reducci\u00f3n de 9% en comparaci\u00f3n con 2024, en buena medida como consecuencia de la suspensi\u00f3n de vuelos hacia varios mercados clave de la regi\u00f3n.<\/p>\n\n\n\n<p><strong>Ca\u00edda en julio y contraste con la regi\u00f3n<\/strong><\/p>\n\n\n\n<p>El reporte del organismo gremial precisa que en julio pasado la movilizaci\u00f3n de pasajeros internacionales desde y hacia Venezuela retrocedi\u00f3 cerca de 4,8% frente al mismo mes del a\u00f1o anterior. \u00abA\u00fan est\u00e1 muy por debajo de lo que fue el a\u00f1o pasado\u00bb, puntualiz\u00f3 Alta.<\/p>\n\n\n\n<p>La situaci\u00f3n venezolana difiere del comportamiento regional. Seg\u00fan el gremio, en julio Latinoam\u00e9rica registr\u00f3 un crecimiento interanual de 4,4%, lo que se traduce en 1,8 millones de pasajeros adicionales.<\/p>\n\n\n\n<p>\u00abEsta variaci\u00f3n fue impulsada por las aerol\u00edneas con base en LAC que, por segundo mes consecutivo, lideraron la expansi\u00f3n mundial (7,2%). Es adem\u00e1s, el resultado m\u00e1s alto en el mundo por segundo mes consecutivo\u00bb, destac\u00f3 Alta en su informe.<\/p>\n\n\n\n<p><strong>Impacto de la suspensi\u00f3n de vuelos<\/strong><\/p>\n\n\n\n<p>La ca\u00edda est\u00e1 asociada a la reducci\u00f3n en la conectividad de Venezuela con distintos pa\u00edses. ALTA se\u00f1al\u00f3 que entre Panam\u00e1 y Venezuela hubo 65% menos asientos disponibles, mientras que el n\u00famero de vuelos pas\u00f3 de 418 en julio de 2024 a 150 en el mismo mes de 2025, lo que equivale a un descenso de 64%.<\/p>\n\n\n\n<p>Cabe recordar que el pasado 27 de mayo se reanudaron los vuelos comerciales entre ambos pa\u00edses, aunque las relaciones diplom\u00e1ticas contin\u00faan suspendidas.<\/p>\n\n\n\n<p>En el caso de Per\u00fa, la conectividad pas\u00f3 de 62 vuelos en julio de 2024 a cero en 2025, luego de la decisi\u00f3n del Instituto Nacional de Aeron\u00e1utica Civil (Inac) de suspender los vuelos entre ambas naciones desde agosto del a\u00f1o pasado.<\/p>\n\n\n\n<p>Respecto a la Rep\u00fablica Dominicana, el tr\u00e1fico internacional se redujo 60% en lo que va de a\u00f1o. Los vuelos fueron suspendidos en julio de 2024, luego de que Caracas denunciara \u00abacciones injerencistas\u00bb del gobierno de Luis Abinader en el marco de las elecciones presidenciales venezolanas.<\/p>\n\n\n\n<p>Aunque en junio de 2025 el Inac inform\u00f3 la reanudaci\u00f3n de operaciones hacia y desde el pa\u00eds caribe\u00f1o, la Junta de Aviaci\u00f3n Civil dominicana indic\u00f3 que la decisi\u00f3n a\u00fan estaba en evaluaci\u00f3n, y hasta la fecha no se ha concretado la autorizaci\u00f3n.<\/p>\n\n\n\n<p><strong>Mercados con mejor desempe\u00f1o<\/strong><\/p>\n\n\n\n<p>El balance de Alta tambi\u00e9n reflej\u00f3 que los destinos donde Venezuela tuvo mejores resultados fueron Colombia, con un incremento de 14% en la conectividad, y M\u00e9xico, con un alza de 25%. Ambos pa\u00edses se han convertido en puntos de conexi\u00f3n para los viajeros venezolanos que buscan acceder a otros mercados internacionales.<\/p>\n\n\n\n<p>Con informaci\u00f3n de <strong><em>Finanzas Digital<\/em><\/strong><\/p>\n","protected":false},"excerpt":{"rendered":"<p>La conectividad a\u00e9rea venezolana mantiene una tendencia negativa durante 2025. De acuerdo con cifras de la Asociaci\u00f3n Latinoamericana y del Caribe del Transporte A\u00e9reo (Alta), entre enero y julio el tr\u00e1fico internacional registr\u00f3 una reducci\u00f3n de 9% en comparaci\u00f3n con 2024, en buena medida como consecuencia de la suspensi\u00f3n de vuelos hacia varios mercados clave [&hellip;]<\/p>\n","protected":false},"author":33,"featured_media":289917,"comment_status":"closed","ping_status":"closed","sticky":false,"template":"","format":"standard","meta":{"footnotes":""},"categories":[6],"tags":[105],"class_list":{"0":"post-289916","1":"post","2":"type-post","3":"status-publish","4":"format-standard","5":"has-post-thumbnail","7":"category-economia","8":"tag-venezuela"},"_links":{"self":[{"href":"https:\/\/elluchador.info\/index.php?rest_route=\/wp\/v2\/posts\/289916","targetHints":{"allow":["GET"]}}],"collection":[{"href":"https:\/\/elluchador.info\/index.php?rest_route=\/wp\/v2\/posts"}],"about":[{"href":"https:\/\/elluchador.info\/index.php?rest_route=\/wp\/v2\/types\/post"}],"author":[{"embeddable":true,"href":"https:\/\/elluchador.info\/index.php?rest_route=\/wp\/v2\/users\/33"}],"replies":[{"embeddable":true,"href":"https:\/\/elluchador.info\/index.php?rest_route=%2Fwp%2Fv2%2Fcomments&post=289916"}],"version-history":[{"count":1,"href":"https:\/\/elluchador.info\/index.php?rest_route=\/wp\/v2\/posts\/289916\/revisions"}],"predecessor-version":[{"id":289918,"href":"https:\/\/elluchador.info\/index.php?rest_route=\/wp\/v2\/posts\/289916\/revisions\/289918"}],"wp:featuredmedia":[{"embeddable":true,"href":"https:\/\/elluchador.info\/index.php?rest_route=\/wp\/v2\/media\/289917"}],"wp:attachment":[{"href":"https:\/\/elluchador.info\/index.php?rest_route=%2Fwp%2Fv2%2Fmedia&parent=289916"}],"wp:term":[{"taxonomy":"category","embeddable":true,"href":"https:\/\/elluchador.info\/index.php?rest_route=%2Fwp%2Fv2%2Fcategories&post=289916"},{"taxonomy":"post_tag","embeddable":true,"href":"https:\/\/elluchador.info\/index.php?rest_route=%2Fwp%2Fv2%2Ftags&post=289916"}],"curies":[{"name":"wp","href":"https:\/\/api.w.org\/{rel}","templated":true}]}}