{"id":289919,"date":"2025-09-17T15:31:42","date_gmt":"2025-09-17T19:31:42","guid":{"rendered":"https:\/\/elluchador.info\/?p=289919"},"modified":"2025-09-17T15:31:45","modified_gmt":"2025-09-17T19:31:45","slug":"ministro-de-defensa-anuncia-ejercicios-de-seguridad-en-la-orchila","status":"publish","type":"post","link":"https:\/\/elluchador.info\/?p=289919","title":{"rendered":"Ministro de Defensa anuncia ejercicios de seguridad en La Orchila"},"content":{"rendered":"\n<p>El ministro de Defensa, Vladimir Padrino L\u00f3pez, ofreci\u00f3 detalles de los ejercicios de seguridad a trav\u00e9s de las \u00abManiobra de Campa\u00f1a Caribe Soberano 200\u00bb, que se realizar\u00e1n en la isla de La Orchila.<\/p>\n\n\n\n<p>Estas acciones se producen ante las denunciadas amenazas del gobierno de Estados Unidos en las aguas territoriales del mar Caribe con buques de guerra, para enfrentar el tr\u00e1fico de drogas.<\/p>\n\n\n\n<p><em>\u00abNuestro comandante en jefe nos ha ordenado esta maniobra de campa\u00f1a (\u2026) territorio insular de 43 kil\u00f3metros cuadrados, aproximadamente, que dista de nuestras costas, espec\u00edficamente de La Guaira a 97 millas (\u2026) es una isla que se constituye nuestra base naval (\u2026) vamos a hacer un ejercicio completo con los grupos de tarea conjunto aeroespacial, fuerzas especiales, inteligencia y guerra electr\u00f3nica, tarea conjunto mar\u00edtimo y el grupo de tarea conjunto terrestre. Despliegue de drones artillados de vigilancia, drones submarinos y a\u00e9reos (\u2026) vamos a recolectar, analizar y compartir inteligencia militar, interceptaci\u00f3n de llamadas, bloqueos, neutralizaci\u00f3n de comunicaciones, entre otros\u00bb<\/em>, asever\u00f3.<\/p>\n\n\n<div class=\"wp-block-image\">\n<figure class=\"aligncenter size-large is-resized\"><img loading=\"lazy\" decoding=\"async\" width=\"769\" height=\"1024\" src=\"https:\/\/elluchador.info\/wp-content\/uploads\/2025\/09\/post-presidencialve-sep-17-2025-1-769x1024.jpeg\" alt=\"\" class=\"wp-image-289921\" style=\"width:548px;height:auto\" srcset=\"https:\/\/elluchador.info\/wp-content\/uploads\/2025\/09\/post-presidencialve-sep-17-2025-1-769x1024.jpeg 769w, https:\/\/elluchador.info\/wp-content\/uploads\/2025\/09\/post-presidencialve-sep-17-2025-1-225x300.jpeg 225w, https:\/\/elluchador.info\/wp-content\/uploads\/2025\/09\/post-presidencialve-sep-17-2025-1-768x1023.jpeg 768w, https:\/\/elluchador.info\/wp-content\/uploads\/2025\/09\/post-presidencialve-sep-17-2025-1-150x200.jpeg 150w, https:\/\/elluchador.info\/wp-content\/uploads\/2025\/09\/post-presidencialve-sep-17-2025-1-300x399.jpeg 300w, https:\/\/elluchador.info\/wp-content\/uploads\/2025\/09\/post-presidencialve-sep-17-2025-1-696x927.jpeg 696w, https:\/\/elluchador.info\/wp-content\/uploads\/2025\/09\/post-presidencialve-sep-17-2025-1-1068x1422.jpeg 1068w, https:\/\/elluchador.info\/wp-content\/uploads\/2025\/09\/post-presidencialve-sep-17-2025-1.jpeg 1080w\" sizes=\"auto, (max-width: 769px) 100vw, 769px\" \/><\/figure>\n<\/div>\n\n\n<p>Asimismo, el titular de la cartera de Defensa manifest\u00f3 que ser\u00e1n desplegados funcionarios de seguridad en todo ese territorio, para as\u00ed garantizar el orden y la vigilancia.<\/p>\n\n\n\n<p>Padrino subray\u00f3 que la respuesta del pueblo venezolano ha sido contundente, manifestando su \u00absentimiento patri\u00f3tico que arropa hoy a toda la naci\u00f3n\u00bb.<\/p>\n\n\n\n<p>Con informaci\u00f3n <strong>\u00daR<\/strong><\/p>\n","protected":false},"excerpt":{"rendered":"<p>El ministro de Defensa, Vladimir Padrino L\u00f3pez, ofreci\u00f3 detalles de los ejercicios de seguridad a trav\u00e9s de las \u00abManiobra de Campa\u00f1a Caribe Soberano 200\u00bb, que se realizar\u00e1n en la isla de La Orchila. Estas acciones se producen ante las denunciadas amenazas del gobierno de Estados Unidos en las aguas territoriales del mar Caribe con buques [&hellip;]<\/p>\n","protected":false},"author":33,"featured_media":289920,"comment_status":"closed","ping_status":"closed","sticky":false,"template":"","format":"standard","meta":{"footnotes":""},"categories":[5,9],"tags":[450,5036,105],"class_list":{"0":"post-289919","1":"post","2":"type-post","3":"status-publish","4":"format-standard","5":"has-post-thumbnail","7":"category-destacado","8":"category-nacionales","9":"tag-isla","10":"tag-la-orchila","11":"tag-venezuela"},"_links":{"self":[{"href":"https:\/\/elluchador.info\/index.php?rest_route=\/wp\/v2\/posts\/289919","targetHints":{"allow":["GET"]}}],"collection":[{"href":"https:\/\/elluchador.info\/index.php?rest_route=\/wp\/v2\/posts"}],"about":[{"href":"https:\/\/elluchador.info\/index.php?rest_route=\/wp\/v2\/types\/post"}],"author":[{"embeddable":true,"href":"https:\/\/elluchador.info\/index.php?rest_route=\/wp\/v2\/users\/33"}],"replies":[{"embeddable":true,"href":"https:\/\/elluchador.info\/index.php?rest_route=%2Fwp%2Fv2%2Fcomments&post=289919"}],"version-history":[{"count":1,"href":"https:\/\/elluchador.info\/index.php?rest_route=\/wp\/v2\/posts\/289919\/revisions"}],"predecessor-version":[{"id":289922,"href":"https:\/\/elluchador.info\/index.php?rest_route=\/wp\/v2\/posts\/289919\/revisions\/289922"}],"wp:featuredmedia":[{"embeddable":true,"href":"https:\/\/elluchador.info\/index.php?rest_route=\/wp\/v2\/media\/289920"}],"wp:attachment":[{"href":"https:\/\/elluchador.info\/index.php?rest_route=%2Fwp%2Fv2%2Fmedia&parent=289919"}],"wp:term":[{"taxonomy":"category","embeddable":true,"href":"https:\/\/elluchador.info\/index.php?rest_route=%2Fwp%2Fv2%2Fcategories&post=289919"},{"taxonomy":"post_tag","embeddable":true,"href":"https:\/\/elluchador.info\/index.php?rest_route=%2Fwp%2Fv2%2Ftags&post=289919"}],"curies":[{"name":"wp","href":"https:\/\/api.w.org\/{rel}","templated":true}]}}