{"id":289926,"date":"2025-09-17T17:27:58","date_gmt":"2025-09-17T21:27:58","guid":{"rendered":"https:\/\/elluchador.info\/?p=289926"},"modified":"2025-09-17T17:28:02","modified_gmt":"2025-09-17T21:28:02","slug":"capturan-al-monstruo-de-puerto-cabello-por-abusar-de-su-propio-hijo","status":"publish","type":"post","link":"https:\/\/elluchador.info\/?p=289926","title":{"rendered":"Capturan al \u00abMonstruo de Puerto Cabello\u00bb por abusar de su propio hijo"},"content":{"rendered":"\n<p>Funcionarios de la Polic\u00eda Municipal de Puerto Cabello detuvieron a un sujeto acusado de abusar sexualmente de su hijo de 6 a\u00f1os. La captura se produjo luego de que se encontraran evidencias que apuntan al padre como el responsable de los abusos.<\/p>\n\n\n\n<p>La investigaci\u00f3n se inici\u00f3 despu\u00e9s de que se detectara que el sujeto, de 39 a\u00f1os y apodado el \u00abMonstruo de Puerto Cabello\u00bb, se aprovechaba de su relaci\u00f3n de padre e hijo para abusar del menor. Los abusos eran grabados para fines de pornograf\u00eda infantil, lo que ha generado una gran indignaci\u00f3n y repudio en la comunidad.<\/p>\n\n\n\n<p>Durante el arresto, la polic\u00eda incaut\u00f3 tel\u00e9fonos m\u00f3viles en los que se encontraron videos y fotos que evidenciaban los hechos, as\u00ed como material de pornograf\u00eda infantil. Seg\u00fan el informe policial, la v\u00edctima, de 6 a\u00f1os de edad, era amenazada y coaccionada.<\/p>\n\n\n\n<p>Tras el traslado a la sede policial, los detenidos, identificados como Carlos Eduardo Mart\u00ednez Salazar, de 27 a\u00f1os, y Julio Andr\u00e9s Duarte P\u00e9rez, de 39 a\u00f1os, fueron verificados por el sistema de investigaci\u00f3n penal. Los funcionarios declararon que el padre del menor lo hab\u00eda abusado sexualmente desde hac\u00eda meses.<\/p>\n\n\n\n<p>Actualmente, los detenidos est\u00e1n a la orden del Ministerio P\u00fablico. Se espera que los representantes del Consejo de Protecci\u00f3n del Ni\u00f1o, Ni\u00f1a y Adolescente, junto con m\u00e9dicos especialistas, realicen las evaluaciones correspondientes.<\/p>\n\n\n\n<p>Con informaci\u00f3n <strong>NTT<\/strong><\/p>\n","protected":false},"excerpt":{"rendered":"<p>Funcionarios de la Polic\u00eda Municipal de Puerto Cabello detuvieron a un sujeto acusado de abusar sexualmente de su hijo de 6 a\u00f1os. La captura se produjo luego de que se encontraran evidencias que apuntan al padre como el responsable de los abusos. La investigaci\u00f3n se inici\u00f3 despu\u00e9s de que se detectara que el sujeto, de [&hellip;]<\/p>\n","protected":false},"author":33,"featured_media":289927,"comment_status":"closed","ping_status":"closed","sticky":false,"template":"","format":"standard","meta":{"footnotes":""},"categories":[13],"tags":[1569,5038,5037],"class_list":{"0":"post-289926","1":"post","2":"type-post","3":"status-publish","4":"format-standard","5":"has-post-thumbnail","7":"category-sucesos","8":"tag-cabello","9":"tag-monstruo","10":"tag-propio-hijo"},"_links":{"self":[{"href":"https:\/\/elluchador.info\/index.php?rest_route=\/wp\/v2\/posts\/289926","targetHints":{"allow":["GET"]}}],"collection":[{"href":"https:\/\/elluchador.info\/index.php?rest_route=\/wp\/v2\/posts"}],"about":[{"href":"https:\/\/elluchador.info\/index.php?rest_route=\/wp\/v2\/types\/post"}],"author":[{"embeddable":true,"href":"https:\/\/elluchador.info\/index.php?rest_route=\/wp\/v2\/users\/33"}],"replies":[{"embeddable":true,"href":"https:\/\/elluchador.info\/index.php?rest_route=%2Fwp%2Fv2%2Fcomments&post=289926"}],"version-history":[{"count":1,"href":"https:\/\/elluchador.info\/index.php?rest_route=\/wp\/v2\/posts\/289926\/revisions"}],"predecessor-version":[{"id":289928,"href":"https:\/\/elluchador.info\/index.php?rest_route=\/wp\/v2\/posts\/289926\/revisions\/289928"}],"wp:featuredmedia":[{"embeddable":true,"href":"https:\/\/elluchador.info\/index.php?rest_route=\/wp\/v2\/media\/289927"}],"wp:attachment":[{"href":"https:\/\/elluchador.info\/index.php?rest_route=%2Fwp%2Fv2%2Fmedia&parent=289926"}],"wp:term":[{"taxonomy":"category","embeddable":true,"href":"https:\/\/elluchador.info\/index.php?rest_route=%2Fwp%2Fv2%2Fcategories&post=289926"},{"taxonomy":"post_tag","embeddable":true,"href":"https:\/\/elluchador.info\/index.php?rest_route=%2Fwp%2Fv2%2Ftags&post=289926"}],"curies":[{"name":"wp","href":"https:\/\/api.w.org\/{rel}","templated":true}]}}