{"id":289948,"date":"2025-09-18T08:06:00","date_gmt":"2025-09-18T12:06:00","guid":{"rendered":"https:\/\/elluchador.info\/?p=289948"},"modified":"2025-09-17T23:15:26","modified_gmt":"2025-09-18T03:15:26","slug":"en-los-coquitos-persisten-los-bajones-de-luz","status":"publish","type":"post","link":"https:\/\/elluchador.info\/?p=289948","title":{"rendered":"En Los Coquitos persisten los bajones de luz"},"content":{"rendered":"\n<p>En la urbanizaci\u00f3n Los Coquitos, parroquia Catedral, los vecinos denuncian que las fallas el\u00e9ctricas se han intensificado en las \u00faltimas semanas, generando zozobra y afectando su cotidianidad, pues los cortes ocurren varios d\u00edas a la semana.<\/p>\n\n\n\n<p>Rosa Blanco relat\u00f3: \u00abLa inestabilidad del servicio el\u00e9ctrico en la comunidad ya es algo cotidiano. Cuando menos lo esperas, se va la luz y quedamos como pajarito en grama, sobre todo si estamos realizando alguna actividad que requiere electricidad\u00bb.<\/p>\n\n\n\n<p>Ante esta situaci\u00f3n, los habitantes solicitan mejoras urgentes en el servicio, el cual aseguran cancelar puntualmente, pero consideran deficiente por la frecuencia de los apagones que interrumpen sus actividades diarias.<\/p>\n\n\n\n<p><strong>Yanitza Mart\u00ednez<\/strong><\/p>\n","protected":false},"excerpt":{"rendered":"<p>En la urbanizaci\u00f3n Los Coquitos, parroquia Catedral, los vecinos denuncian que las fallas el\u00e9ctricas se han intensificado en las \u00faltimas semanas, generando zozobra y afectando su cotidianidad, pues los cortes ocurren varios d\u00edas a la semana. Rosa Blanco relat\u00f3: \u00abLa inestabilidad del servicio el\u00e9ctrico en la comunidad ya es algo cotidiano. Cuando menos lo esperas, [&hellip;]<\/p>\n","protected":false},"author":38,"featured_media":289949,"comment_status":"closed","ping_status":"closed","sticky":false,"template":"","format":"standard","meta":{"footnotes":""},"categories":[2],"tags":[185,306,105],"class_list":{"0":"post-289948","1":"post","2":"type-post","3":"status-publish","4":"format-standard","5":"has-post-thumbnail","7":"category-comunidad","8":"tag-bolivar","9":"tag-ciudad-bolivar","10":"tag-venezuela"},"_links":{"self":[{"href":"https:\/\/elluchador.info\/index.php?rest_route=\/wp\/v2\/posts\/289948","targetHints":{"allow":["GET"]}}],"collection":[{"href":"https:\/\/elluchador.info\/index.php?rest_route=\/wp\/v2\/posts"}],"about":[{"href":"https:\/\/elluchador.info\/index.php?rest_route=\/wp\/v2\/types\/post"}],"author":[{"embeddable":true,"href":"https:\/\/elluchador.info\/index.php?rest_route=\/wp\/v2\/users\/38"}],"replies":[{"embeddable":true,"href":"https:\/\/elluchador.info\/index.php?rest_route=%2Fwp%2Fv2%2Fcomments&post=289948"}],"version-history":[{"count":1,"href":"https:\/\/elluchador.info\/index.php?rest_route=\/wp\/v2\/posts\/289948\/revisions"}],"predecessor-version":[{"id":289950,"href":"https:\/\/elluchador.info\/index.php?rest_route=\/wp\/v2\/posts\/289948\/revisions\/289950"}],"wp:featuredmedia":[{"embeddable":true,"href":"https:\/\/elluchador.info\/index.php?rest_route=\/wp\/v2\/media\/289949"}],"wp:attachment":[{"href":"https:\/\/elluchador.info\/index.php?rest_route=%2Fwp%2Fv2%2Fmedia&parent=289948"}],"wp:term":[{"taxonomy":"category","embeddable":true,"href":"https:\/\/elluchador.info\/index.php?rest_route=%2Fwp%2Fv2%2Fcategories&post=289948"},{"taxonomy":"post_tag","embeddable":true,"href":"https:\/\/elluchador.info\/index.php?rest_route=%2Fwp%2Fv2%2Ftags&post=289948"}],"curies":[{"name":"wp","href":"https:\/\/api.w.org\/{rel}","templated":true}]}}