{"id":290149,"date":"2025-09-20T10:28:51","date_gmt":"2025-09-20T14:28:51","guid":{"rendered":"https:\/\/elluchador.info\/?p=290149"},"modified":"2025-09-20T10:28:55","modified_gmt":"2025-09-20T14:28:55","slug":"dayana-mendoza-y-carlos-uribe-confirman-la-espera-de-su-primer-bebe","status":"publish","type":"post","link":"https:\/\/elluchador.info\/?p=290149","title":{"rendered":"Dayana Mendoza y Carlos Uribe confirman la espera de su primer beb\u00e9"},"content":{"rendered":"\n<p>\u200eLa modelo venezolana, Dayana Mendoza y su esposo Carlos Uribe confirman que est\u00e1 embarazada, recientemente la pareja se cas\u00f3 en una ceremonia privada que sorprendi\u00f3 a sus seguidores.<br>\u200e<br>\u200eA trav\u00e9s de un video en su cuenta de Instagram, la empresaria junto al pastor Carlos Uribe dieron la noticia. Adem\u00e1s, en el clip se puede apreciar como se le ve claramente su \u201cpancita\u201d.<br>\u200e<br>\u200eA pesar de que en el video la pareja habla sobre un nuevo comienzo como pastores de la iglesia cristiana, la imagen de la barriga capt\u00f3 la atenci\u00f3n de todos. Por el momento, no han revelado el sexo del beb\u00e9 ni el tiempo de gestaci\u00f3n.<br>\u200e<br>\u200eEl material audiovisual estuvo acompa\u00f1ado de un mensaje que dice: \u00abGracias Se\u00f1or Nuestro por TODO lo que hiciste en estos tres d\u00edas, por tu misericordia, por tu bondad, por tu poder!. Sabemos Se\u00f1or que lo que T\u00da haz comenzado, TU lo perfeccionar\u00e1s \ud83d\ude4c\ud83c\udffc Aleluya !! Y confiamos en Ti Se\u00f1or, en Tus tiempos, y Tu perfecta voluntad\u00bb. <\/p>\n\n\n\n<figure class=\"wp-block-video aligncenter\"><video height=\"1280\" style=\"aspect-ratio: 720 \/ 1280;\" width=\"720\" controls src=\"https:\/\/elluchador.info\/wp-content\/uploads\/2025\/09\/Gracias-Senor-Nuestro-por-TODO-lo-que-hiciste-en-estos-tres-dias-por-tu-misericordia-por-tu-bo.mp4\"><\/video><\/figure>\n\n\n\n<p>\u200eEs de mencionar que este ser\u00e1 el segundo hijo de la exreina de belleza, quien ya es madre de una ni\u00f1a de 10 a\u00f1os de su matrimonio anterior con el empresario Michael Pagano.<br>\u200e<br>\u200eCon informaci\u00f3n <strong>2001<\/strong><\/p>\n","protected":false},"excerpt":{"rendered":"<p>\u200eLa modelo venezolana, Dayana Mendoza y su esposo Carlos Uribe confirman que est\u00e1 embarazada, recientemente la pareja se cas\u00f3 en una ceremonia privada que sorprendi\u00f3 a sus seguidores.\u200e\u200eA trav\u00e9s de un video en su cuenta de Instagram, la empresaria junto al pastor Carlos Uribe dieron la noticia. Adem\u00e1s, en el clip se puede apreciar como [&hellip;]<\/p>\n","protected":false},"author":33,"featured_media":290151,"comment_status":"closed","ping_status":"closed","sticky":false,"template":"","format":"standard","meta":{"footnotes":""},"categories":[7],"tags":[3918,984],"class_list":{"0":"post-290149","1":"post","2":"type-post","3":"status-publish","4":"format-standard","5":"has-post-thumbnail","7":"category-entretenimiento","8":"tag-dayana-mendoza","9":"tag-embarazo"},"_links":{"self":[{"href":"https:\/\/elluchador.info\/index.php?rest_route=\/wp\/v2\/posts\/290149","targetHints":{"allow":["GET"]}}],"collection":[{"href":"https:\/\/elluchador.info\/index.php?rest_route=\/wp\/v2\/posts"}],"about":[{"href":"https:\/\/elluchador.info\/index.php?rest_route=\/wp\/v2\/types\/post"}],"author":[{"embeddable":true,"href":"https:\/\/elluchador.info\/index.php?rest_route=\/wp\/v2\/users\/33"}],"replies":[{"embeddable":true,"href":"https:\/\/elluchador.info\/index.php?rest_route=%2Fwp%2Fv2%2Fcomments&post=290149"}],"version-history":[{"count":1,"href":"https:\/\/elluchador.info\/index.php?rest_route=\/wp\/v2\/posts\/290149\/revisions"}],"predecessor-version":[{"id":290152,"href":"https:\/\/elluchador.info\/index.php?rest_route=\/wp\/v2\/posts\/290149\/revisions\/290152"}],"wp:featuredmedia":[{"embeddable":true,"href":"https:\/\/elluchador.info\/index.php?rest_route=\/wp\/v2\/media\/290151"}],"wp:attachment":[{"href":"https:\/\/elluchador.info\/index.php?rest_route=%2Fwp%2Fv2%2Fmedia&parent=290149"}],"wp:term":[{"taxonomy":"category","embeddable":true,"href":"https:\/\/elluchador.info\/index.php?rest_route=%2Fwp%2Fv2%2Fcategories&post=290149"},{"taxonomy":"post_tag","embeddable":true,"href":"https:\/\/elluchador.info\/index.php?rest_route=%2Fwp%2Fv2%2Ftags&post=290149"}],"curies":[{"name":"wp","href":"https:\/\/api.w.org\/{rel}","templated":true}]}}