{"id":290227,"date":"2025-09-21T09:52:38","date_gmt":"2025-09-21T13:52:38","guid":{"rendered":"https:\/\/elluchador.info\/?p=290227"},"modified":"2025-09-21T09:53:36","modified_gmt":"2025-09-21T13:53:36","slug":"alzheimer-pasado-aislado-presente-olvidado","status":"publish","type":"post","link":"https:\/\/elluchador.info\/?p=290227","title":{"rendered":"Alzheimer: Pasado aislado, presente olvidado\u00a0"},"content":{"rendered":"\n<p>Cada 21 de septiembre se conmemora el D\u00eda Mundial contra el Alzheimer, una fecha establecida desde 1994 para visibilizar y crear conciencia sobre esta enfermedad neurodegenerativa.<\/p>\n\n\n\n<p>Seg\u00fan datos de la organizaci\u00f3n Alzheimer\u2019s Disease International, la demencia, y en particular el Alzheimer, es un problema de salud global en constante crecimiento. Se estima que cada tres segundos una persona desarrolla demencia, con aproximadamente 57 millones de afectados en el mundo. Para 2050, se proyecta que esta cifra superar\u00e1 los 130 millones.<\/p>\n\n\n\n<p>\u200bEn Venezuela, las estad\u00edsticas oficiales son escasas, pero la situaci\u00f3n no es menos alarmante. Un informe de 2019 de The Lancet estim\u00f3 que hab\u00eda entre 34,849 y 173,312 casos de Alzheimer en el pa\u00eds, y proyecta un aumento dram\u00e1tico para 2050, con cifras que podr\u00edan alcanzar entre 429,118 y 673,874 casos.<\/p>\n\n\n\n<p><strong>\u200bEl impacto del Alzheimer en Ciudad Guayana<\/strong><br>\u200bLa psic\u00f3loga y psiquiatra cl\u00ednica Nancy Rodr\u00edguez, confirma que Ciudad Guayana no es ajena a esta realidad. La demencia y el Alzheimer est\u00e1n cada vez m\u00e1s presentes en la poblaci\u00f3n, especialmente en los adultos mayores de 65 a\u00f1os, quienes son los m\u00e1s afectados. A esta edad se produce una p\u00e9rdida significativa de neuronas, lo que los hace m\u00e1s vulnerables. Aunque el Alzheimer, es la causa m\u00e1s com\u00fan de demencia (presente en 60 % a 70 % de los casos), la doctora Rodr\u00edguez, destaca que en la regi\u00f3n tambi\u00e9n hay un alto n\u00famero de casos relacionados con problemas cardiovasculares.<\/p>\n\n\n\n<p>\u200bLa situaci\u00f3n se complica en una sociedad donde la migraci\u00f3n ha dejado a muchos adultos mayores en soledad o a cargo de sus nietos, haci\u00e9ndolos a\u00fan m\u00e1s vulnerables.<\/p>\n\n\n\n<p><strong>\u200bUna enfermedad que roba el presente<\/strong><br>\u200bEl Alzheimer no solo afecta al paciente, sino a toda su familia. La enfermedad borra los recuerdos recientes, dejando a los afectados anclados en el pasado. Los hijos ven c\u00f3mo sus padres olvidan sus nombres y los nietos pierden las historias que sus abuelos sol\u00edan contar.<\/p>\n\n\n\n<p>\u200bTal es el caso de Jennifer, quien convive con su t\u00edo-abuelo de 80 a\u00f1os, diagnosticado con demencia senil y Alzheimer, hace seis a\u00f1os. La enfermedad ha borrado su memoria reciente, haciendo que olvide acciones tan b\u00e1sicas como ba\u00f1arse o alimentar a sus mascotas. Un d\u00eda de 2023, su t\u00edo-abuelo sali\u00f3 de casa y no volvi\u00f3. La familia lo encontr\u00f3 horas despu\u00e9s, perdido, en un terreno bald\u00edo cercano. Su respuesta al ser hallado fue: \u201cEstoy en mi cuarto\u201d.<\/p>\n\n\n\n<p>\u200bDaimar Villarroel, cuidadora de adultos mayores y fundadora de la casa de cuidado Casa \u00c1ngel, D\u00edas Dorados, explica que el principal peligro es la tendencia de los pacientes a querer volver a sus lugares de origen. \u201cLa mayor\u00eda tienen la idea de querer volver a donde vivieron\u201d, comenta.<\/p>\n\n\n\n<p><strong>\u200bEl cuidado: una labor estresante pero llena de amor<\/strong><br>\u200bVillarroel describe el Alzheimer como una \u00abenfermedad muy cruel\u00bb que afecta a todo el entorno familiar. La convivencia puede ser tan estresante que muchos familiares optan por buscar ayuda profesional en centros especializados. Situaciones como olvidar que la cocina est\u00e1 encendida, esconder las llaves para evitar fugas o limpiar heces y orina se vuelven cotidianas.<\/p>\n\n\n\n<p>\u200bLa cuidadora enfatiza que, a pesar de los desaf\u00edos, los pacientes con Alzheimer, necesitan una inmensa dosis de cari\u00f1o, paciencia y amor. La soledad es fatal para ellos. Aunque la enfermedad roba los recuerdos, no puede borrar la esencia de la persona.<br>\u200bComo dijo el escritor Terry Pratchett, \u201cEl Alzheimer es una enfermedad que roba los recuerdos, pero no puede borrar el amor\u201d.<\/p>\n\n\n\n<p>Con informaci\u00f3n de <strong>agencias<\/strong><\/p>\n","protected":false},"excerpt":{"rendered":"<p>Cada 21 de septiembre se conmemora el D\u00eda Mundial contra el Alzheimer, una fecha establecida desde 1994 para visibilizar y crear conciencia sobre esta enfermedad neurodegenerativa. Seg\u00fan datos de la organizaci\u00f3n Alzheimer\u2019s Disease International, la demencia, y en particular el Alzheimer, es un problema de salud global en constante crecimiento. Se estima que cada tres [&hellip;]<\/p>\n","protected":false},"author":38,"featured_media":290228,"comment_status":"closed","ping_status":"closed","sticky":false,"template":"","format":"standard","meta":{"footnotes":""},"categories":[3],"tags":[448,105],"class_list":{"0":"post-290227","1":"post","2":"type-post","3":"status-publish","4":"format-standard","5":"has-post-thumbnail","7":"category-curiosidades","8":"tag-mundo","9":"tag-venezuela"},"_links":{"self":[{"href":"https:\/\/elluchador.info\/index.php?rest_route=\/wp\/v2\/posts\/290227","targetHints":{"allow":["GET"]}}],"collection":[{"href":"https:\/\/elluchador.info\/index.php?rest_route=\/wp\/v2\/posts"}],"about":[{"href":"https:\/\/elluchador.info\/index.php?rest_route=\/wp\/v2\/types\/post"}],"author":[{"embeddable":true,"href":"https:\/\/elluchador.info\/index.php?rest_route=\/wp\/v2\/users\/38"}],"replies":[{"embeddable":true,"href":"https:\/\/elluchador.info\/index.php?rest_route=%2Fwp%2Fv2%2Fcomments&post=290227"}],"version-history":[{"count":2,"href":"https:\/\/elluchador.info\/index.php?rest_route=\/wp\/v2\/posts\/290227\/revisions"}],"predecessor-version":[{"id":290230,"href":"https:\/\/elluchador.info\/index.php?rest_route=\/wp\/v2\/posts\/290227\/revisions\/290230"}],"wp:featuredmedia":[{"embeddable":true,"href":"https:\/\/elluchador.info\/index.php?rest_route=\/wp\/v2\/media\/290228"}],"wp:attachment":[{"href":"https:\/\/elluchador.info\/index.php?rest_route=%2Fwp%2Fv2%2Fmedia&parent=290227"}],"wp:term":[{"taxonomy":"category","embeddable":true,"href":"https:\/\/elluchador.info\/index.php?rest_route=%2Fwp%2Fv2%2Fcategories&post=290227"},{"taxonomy":"post_tag","embeddable":true,"href":"https:\/\/elluchador.info\/index.php?rest_route=%2Fwp%2Fv2%2Ftags&post=290227"}],"curies":[{"name":"wp","href":"https:\/\/api.w.org\/{rel}","templated":true}]}}