{"id":290363,"date":"2025-09-22T17:30:53","date_gmt":"2025-09-22T21:30:53","guid":{"rendered":"https:\/\/elluchador.info\/?p=290363"},"modified":"2025-09-22T17:30:56","modified_gmt":"2025-09-22T21:30:56","slug":"francia-reconoce-al-estado-palestino","status":"publish","type":"post","link":"https:\/\/elluchador.info\/?p=290363","title":{"rendered":"Francia reconoce al Estado palestino"},"content":{"rendered":"\n<p>Francia ha reconocido al Estado palestino este lunes ante la ONU, mientras Israel contin\u00faa con su brutal ofensiva militar en la Franja de Gaza a pesar de la indignaci\u00f3n internacional.<\/p>\n\n\n\n<p>\u00abHa llegado el momento. Fiel al compromiso hist\u00f3rico de mi pa\u00eds con Oriente Medio, con la paz entre israel\u00edes y palestinos, declaro que hoy Francia reconoce al Estado de Palestina\u00bb, anunci\u00f3 el presidente franc\u00e9s Emmanuel Macron, desde la tribuna de la ONU, en v\u00edsperas de la Asamblea General.<\/p>\n\n\n\n<p>Seg\u00fan dijo el mandatario, \u00abeste reconocimiento es la soluci\u00f3n que permitir\u00e1 la paz para Israel\u00bb, al tiempo que supone una \u00abderrota para Ham\u00e1s, como para todos aquellos que agitan el odio antisemita\u00bb.<\/p>\n\n\n\n<p>En su discurso, Macron reclam\u00f3 el final definitivo del conflicto en la Franja de Gaza, porque -subray\u00f3- \u00abnada justifica la continuaci\u00f3n de la guerra\u00bb, al tiempo que reiter\u00f3 su llamamiento al movimiento palestino Ham\u00e1s para que libere a los 48 rehenes que a\u00fan mantiene cautivos desde su incursi\u00f3n del 7 de octubre de 2023 en Israel, que describi\u00f3 como una \u00abherida que a\u00fan est\u00e1 abierta\u00bb.<\/p>\n\n\n\n<p>El jefe de Estado anunci\u00f3 que se abrir\u00e1 una Embajada francesa en el Estado palestino una vez se liberen los rehenes y se establezca un alto el fuego entre Israel y Ham\u00e1s.<\/p>\n\n\n\n<p>Macron plante\u00f3, adem\u00e1s, el establecimiento de una administraci\u00f3n de transici\u00f3n en Gaza tras el cese de las hostilidades y manifest\u00f3 la disposici\u00f3n de Francia a contribuir, junto con sus socios europeos, al entrenamiento de las fuerzas de seguridad palestinas que habr\u00edan de desmantelar y desarmar a Ham\u00e1s.<\/p>\n\n\n\n<p>Reino Unido, Canad\u00e1, Australia y Portugal anunciaron el mismo paso el domingo, causando el enojo de Tel Aviv. Se trata de la primera vez que pa\u00edses del G7 toman tal decisi\u00f3n a favor del Estado palestino.<\/p>\n\n\n\n<p>Ante la nueva serie de reconocimientos, el primer ministro israel\u00ed, Benjam\u00edn Netanyahu, prometi\u00f3 una respuesta directa. \u00abTengo un mensaje claro para aquellos l\u00edderes que est\u00e1n reconociendo un Estado palestino tras la horrible masacre del 7 de octubre: est\u00e1n recompensando el terrorismo con un premio enorme\u00bb, declar\u00f3 el domingo.<\/p>\n\n\n\n<p>\u00abY tengo otro mensaje para ustedes: eso no va a suceder. No habr\u00e1 Estado palestino al oeste del r\u00edo Jord\u00e1n\u00bb, agreg\u00f3 Netanyahu. \u00abLa respuesta al \u00faltimo intento de imponernos un Estado terrorista en el coraz\u00f3n de nuestra tierra se dar\u00e1 tras mi regreso de Estados Unidos. Esp\u00e9renla\u00bb, asever\u00f3 el mandatario.<\/p>\n\n\n\n<p>Con informaci\u00f3n <strong><em>Agencias.-<\/em><\/strong><\/p>\n","protected":false},"excerpt":{"rendered":"<p>Francia ha reconocido al Estado palestino este lunes ante la ONU, mientras Israel contin\u00faa con su brutal ofensiva militar en la Franja de Gaza a pesar de la indignaci\u00f3n internacional. \u00abHa llegado el momento. Fiel al compromiso hist\u00f3rico de mi pa\u00eds con Oriente Medio, con la paz entre israel\u00edes y palestinos, declaro que hoy Francia [&hellip;]<\/p>\n","protected":false},"author":33,"featured_media":290364,"comment_status":"closed","ping_status":"closed","sticky":false,"template":"","format":"standard","meta":{"footnotes":""},"categories":[8],"tags":[708,2257],"class_list":{"0":"post-290363","1":"post","2":"type-post","3":"status-publish","4":"format-standard","5":"has-post-thumbnail","7":"category-internacionales","8":"tag-francia","9":"tag-palestina"},"_links":{"self":[{"href":"https:\/\/elluchador.info\/index.php?rest_route=\/wp\/v2\/posts\/290363","targetHints":{"allow":["GET"]}}],"collection":[{"href":"https:\/\/elluchador.info\/index.php?rest_route=\/wp\/v2\/posts"}],"about":[{"href":"https:\/\/elluchador.info\/index.php?rest_route=\/wp\/v2\/types\/post"}],"author":[{"embeddable":true,"href":"https:\/\/elluchador.info\/index.php?rest_route=\/wp\/v2\/users\/33"}],"replies":[{"embeddable":true,"href":"https:\/\/elluchador.info\/index.php?rest_route=%2Fwp%2Fv2%2Fcomments&post=290363"}],"version-history":[{"count":1,"href":"https:\/\/elluchador.info\/index.php?rest_route=\/wp\/v2\/posts\/290363\/revisions"}],"predecessor-version":[{"id":290365,"href":"https:\/\/elluchador.info\/index.php?rest_route=\/wp\/v2\/posts\/290363\/revisions\/290365"}],"wp:featuredmedia":[{"embeddable":true,"href":"https:\/\/elluchador.info\/index.php?rest_route=\/wp\/v2\/media\/290364"}],"wp:attachment":[{"href":"https:\/\/elluchador.info\/index.php?rest_route=%2Fwp%2Fv2%2Fmedia&parent=290363"}],"wp:term":[{"taxonomy":"category","embeddable":true,"href":"https:\/\/elluchador.info\/index.php?rest_route=%2Fwp%2Fv2%2Fcategories&post=290363"},{"taxonomy":"post_tag","embeddable":true,"href":"https:\/\/elluchador.info\/index.php?rest_route=%2Fwp%2Fv2%2Ftags&post=290363"}],"curies":[{"name":"wp","href":"https:\/\/api.w.org\/{rel}","templated":true}]}}