{"id":290410,"date":"2025-09-23T13:10:30","date_gmt":"2025-09-23T17:10:30","guid":{"rendered":"https:\/\/elluchador.info\/?p=290410"},"modified":"2025-09-23T13:11:02","modified_gmt":"2025-09-23T17:11:02","slug":"sector-de-telecomunicaciones-suma-mas-de-300-operadoras-en-el-pais","status":"publish","type":"post","link":"https:\/\/elluchador.info\/?p=290410","title":{"rendered":"Sector de telecomunicaciones suma m\u00e1s de 300 operadoras en el pa\u00eds"},"content":{"rendered":"\n<p>El vicepresidente sectorial de Obras P\u00fablicas y Servicios, Jorge M\u00e1rquez, anunci\u00f3 que la Feria Internacional de Telecomunicaciones de Venezuela 2025 (Fitelven) gener\u00f3 m\u00e1s de 18 millones de d\u00f3lares en acuerdos y financiamiento para los pr\u00f3ximos cinco a\u00f1os, lo que impulsar\u00e1 la expansi\u00f3n del sector. \u201cGracias a esto tenemos un crecimiento del 283 % en el n\u00famero de empresas de telecomunicaciones en el pa\u00eds, que ahora suman m\u00e1s de 300 operadoras\u201d.<\/p>\n\n\n\n<p>Durante el programa \u201cCon Maduro+\u201d, M\u00e1rquez precis\u00f3 que hubo un aumento del 128 % en la capacidad de interconexi\u00f3n, con un consumo actual de 13 terabytes en el Comit\u00e9 Internacional de Interconexi\u00f3n. <\/p>\n\n\n\n<p>Asimismo, se\u00f1al\u00f3 un crecimiento del 19,5 % en el n\u00famero de usuarios de internet fijo y la realizaci\u00f3n de dos ofertas p\u00fablicas del espectro radioel\u00e9ctrico, con participaci\u00f3n de Movistar, Digitel, Movilnet y Cantv. \u201c18 mil escuelas cuentan con servicios de inter\u00e9s\u201d, agreg\u00f3.<\/p>\n\n\n\n<p>Explic\u00f3 que Venezuela avanza en la transici\u00f3n del protocolo IPv4 hacia IPv6, ante el agotamiento global de direcciones IPv4. \u201cLa asignaci\u00f3n de direcciones IP est\u00e1 bajo la regulaci\u00f3n de Registro de Direcciones de Internet de Am\u00e9rica Latina y Caribe (Lacnic), organismo responsable de distribuir estos recursos en Am\u00e9rica Latina y el Caribe\u201d.<\/p>\n\n\n\n<p>Con informaci\u00f3n <strong>AVN<\/strong><\/p>\n","protected":false},"excerpt":{"rendered":"<p>El vicepresidente sectorial de Obras P\u00fablicas y Servicios, Jorge M\u00e1rquez, anunci\u00f3 que la Feria Internacional de Telecomunicaciones de Venezuela 2025 (Fitelven) gener\u00f3 m\u00e1s de 18 millones de d\u00f3lares en acuerdos y financiamiento para los pr\u00f3ximos cinco a\u00f1os, lo que impulsar\u00e1 la expansi\u00f3n del sector. \u201cGracias a esto tenemos un crecimiento del 283 % en el [&hellip;]<\/p>\n","protected":false},"author":33,"featured_media":290412,"comment_status":"closed","ping_status":"closed","sticky":false,"template":"","format":"standard","meta":{"footnotes":""},"categories":[5,9],"tags":[5069,2193,105],"class_list":{"0":"post-290410","1":"post","2":"type-post","3":"status-publish","4":"format-standard","5":"has-post-thumbnail","7":"category-destacado","8":"category-nacionales","9":"tag-operadoras","10":"tag-telecomunicaciones","11":"tag-venezuela"},"_links":{"self":[{"href":"https:\/\/elluchador.info\/index.php?rest_route=\/wp\/v2\/posts\/290410","targetHints":{"allow":["GET"]}}],"collection":[{"href":"https:\/\/elluchador.info\/index.php?rest_route=\/wp\/v2\/posts"}],"about":[{"href":"https:\/\/elluchador.info\/index.php?rest_route=\/wp\/v2\/types\/post"}],"author":[{"embeddable":true,"href":"https:\/\/elluchador.info\/index.php?rest_route=\/wp\/v2\/users\/33"}],"replies":[{"embeddable":true,"href":"https:\/\/elluchador.info\/index.php?rest_route=%2Fwp%2Fv2%2Fcomments&post=290410"}],"version-history":[{"count":1,"href":"https:\/\/elluchador.info\/index.php?rest_route=\/wp\/v2\/posts\/290410\/revisions"}],"predecessor-version":[{"id":290411,"href":"https:\/\/elluchador.info\/index.php?rest_route=\/wp\/v2\/posts\/290410\/revisions\/290411"}],"wp:featuredmedia":[{"embeddable":true,"href":"https:\/\/elluchador.info\/index.php?rest_route=\/wp\/v2\/media\/290412"}],"wp:attachment":[{"href":"https:\/\/elluchador.info\/index.php?rest_route=%2Fwp%2Fv2%2Fmedia&parent=290410"}],"wp:term":[{"taxonomy":"category","embeddable":true,"href":"https:\/\/elluchador.info\/index.php?rest_route=%2Fwp%2Fv2%2Fcategories&post=290410"},{"taxonomy":"post_tag","embeddable":true,"href":"https:\/\/elluchador.info\/index.php?rest_route=%2Fwp%2Fv2%2Ftags&post=290410"}],"curies":[{"name":"wp","href":"https:\/\/api.w.org\/{rel}","templated":true}]}}