{"id":290413,"date":"2025-09-23T13:15:53","date_gmt":"2025-09-23T17:15:53","guid":{"rendered":"https:\/\/elluchador.info\/?p=290413"},"modified":"2025-09-23T13:16:00","modified_gmt":"2025-09-23T17:16:00","slug":"oms-brote-de-colera-afecto-a-mas-de-113-mil-600-personas-en-sudan","status":"publish","type":"post","link":"https:\/\/elluchador.info\/?p=290413","title":{"rendered":"OMS: Brote de c\u00f3lera afect\u00f3 a m\u00e1s de 113 mil 600 personas en Sud\u00e1n"},"content":{"rendered":"\n<p>La Organizaci\u00f3n Mundial de la Salud (OMS) inform\u00f3 que el brote de c\u00f3lera en Sud\u00e1n afect\u00f3 a m\u00e1s de 113 mil 600 personas y provoc\u00f3 m\u00e1s de tres mil fallecidos desde julio de 2024.<\/p>\n\n\n\n<p>Durante una conferencia de prensa en Ginebra, la representante adjunta de la OMS en Sud\u00e1n, Hala El Khodary, se\u00f1al\u00f3 que la tasa de letalidad alcanz\u00f3 el 2,7 por ciento, que ser\u00eda Darfur la regi\u00f3n m\u00e1s golpeada por la epidemia.<\/p>\n\n\n\n<p>Hasta el domingo, se contabilizaron 12 mil 739 casos y 358 fallecidos en 36 de las 64 localidades de Darfur. La zona de Tawila, en el norte de la regi\u00f3n, concentra el 61 por ciento de los casos, lo que afecta a una poblaci\u00f3n desplazada de m\u00e1s de medio mill\u00f3n de personas.<\/p>\n\n\n\n<p>Ante la emergencia, el domingo inici\u00f3 una campa\u00f1a de vacunaci\u00f3n para proteger a 1,86 millones de personas en seis \u00e1reas de alto riesgo en el sur, este y norte de Darfur. Las dosis llegaron a Nyala a principios de mes, tras semanas de retrasos por problemas log\u00edsticos y de acceso.<\/p>\n\n\n\n<p>Con informaci\u00f3n <strong><em>Agencias.-<\/em><\/strong><\/p>\n","protected":false},"excerpt":{"rendered":"<p>La Organizaci\u00f3n Mundial de la Salud (OMS) inform\u00f3 que el brote de c\u00f3lera en Sud\u00e1n afect\u00f3 a m\u00e1s de 113 mil 600 personas y provoc\u00f3 m\u00e1s de tres mil fallecidos desde julio de 2024. Durante una conferencia de prensa en Ginebra, la representante adjunta de la OMS en Sud\u00e1n, Hala El Khodary, se\u00f1al\u00f3 que la [&hellip;]<\/p>\n","protected":false},"author":33,"featured_media":290415,"comment_status":"closed","ping_status":"closed","sticky":false,"template":"","format":"standard","meta":{"footnotes":""},"categories":[8],"tags":[1911,3080],"class_list":{"0":"post-290413","1":"post","2":"type-post","3":"status-publish","4":"format-standard","5":"has-post-thumbnail","7":"category-internacionales","8":"tag-colera","9":"tag-sudan"},"_links":{"self":[{"href":"https:\/\/elluchador.info\/index.php?rest_route=\/wp\/v2\/posts\/290413","targetHints":{"allow":["GET"]}}],"collection":[{"href":"https:\/\/elluchador.info\/index.php?rest_route=\/wp\/v2\/posts"}],"about":[{"href":"https:\/\/elluchador.info\/index.php?rest_route=\/wp\/v2\/types\/post"}],"author":[{"embeddable":true,"href":"https:\/\/elluchador.info\/index.php?rest_route=\/wp\/v2\/users\/33"}],"replies":[{"embeddable":true,"href":"https:\/\/elluchador.info\/index.php?rest_route=%2Fwp%2Fv2%2Fcomments&post=290413"}],"version-history":[{"count":1,"href":"https:\/\/elluchador.info\/index.php?rest_route=\/wp\/v2\/posts\/290413\/revisions"}],"predecessor-version":[{"id":290414,"href":"https:\/\/elluchador.info\/index.php?rest_route=\/wp\/v2\/posts\/290413\/revisions\/290414"}],"wp:featuredmedia":[{"embeddable":true,"href":"https:\/\/elluchador.info\/index.php?rest_route=\/wp\/v2\/media\/290415"}],"wp:attachment":[{"href":"https:\/\/elluchador.info\/index.php?rest_route=%2Fwp%2Fv2%2Fmedia&parent=290413"}],"wp:term":[{"taxonomy":"category","embeddable":true,"href":"https:\/\/elluchador.info\/index.php?rest_route=%2Fwp%2Fv2%2Fcategories&post=290413"},{"taxonomy":"post_tag","embeddable":true,"href":"https:\/\/elluchador.info\/index.php?rest_route=%2Fwp%2Fv2%2Ftags&post=290413"}],"curies":[{"name":"wp","href":"https:\/\/api.w.org\/{rel}","templated":true}]}}