{"id":290423,"date":"2025-09-23T13:46:08","date_gmt":"2025-09-23T17:46:08","guid":{"rendered":"https:\/\/elluchador.info\/?p=290423"},"modified":"2025-09-23T13:46:12","modified_gmt":"2025-09-23T17:46:12","slug":"detenido-por-agredir-salvajemente-a-una-mujer-por-querer-trabajar","status":"publish","type":"post","link":"https:\/\/elluchador.info\/?p=290423","title":{"rendered":"Detenido por agredir salvajemente a una mujer por querer trabajar"},"content":{"rendered":"\n<p>Funcionarios de la Delegaci\u00f3n Municipal Valencia, realizaron la detenci\u00f3n de \u00c1ngel Jos\u00e9 \u00c1ngel Cede\u00f1o Cede\u00f1o (40), en el sector El Combate, avenida Sesquicentenaria, parroquia Urbana Miguel Pe\u00f1a, municipio Valencia, estado Carabobo, por violencia.<\/p>\n\n\n\n<p>A trav\u00e9s de Instagram, el director nacional del Cicpc, Douglas Rico, detall\u00f3 que la v\u00edctima interpuso la denuncia por violencia.<\/p>\n\n\n\n<p>Tras labores de investigaci\u00f3n realizadas, se pudo conocer que el detenido, motivado que no acepta que la v\u00edctima desee laborar, la golpe\u00f3 salvajemente, caus\u00e1ndole diversas lesiones.<\/p>\n\n\n\n<p>Siendo detenido y puesto a la orden del Ministerio P\u00fablico.<\/p>\n","protected":false},"excerpt":{"rendered":"<p>Funcionarios de la Delegaci\u00f3n Municipal Valencia, realizaron la detenci\u00f3n de \u00c1ngel Jos\u00e9 \u00c1ngel Cede\u00f1o Cede\u00f1o (40), en el sector El Combate, avenida Sesquicentenaria, parroquia Urbana Miguel Pe\u00f1a, municipio Valencia, estado Carabobo, por violencia. A trav\u00e9s de Instagram, el director nacional del Cicpc, Douglas Rico, detall\u00f3 que la v\u00edctima interpuso la denuncia por violencia. Tras labores [&hellip;]<\/p>\n","protected":false},"author":33,"featured_media":290424,"comment_status":"closed","ping_status":"closed","sticky":false,"template":"","format":"standard","meta":{"footnotes":""},"categories":[13],"tags":[641,554,313],"class_list":{"0":"post-290423","1":"post","2":"type-post","3":"status-publish","4":"format-standard","5":"has-post-thumbnail","7":"category-sucesos","8":"tag-abuso","9":"tag-detenido","10":"tag-mujer"},"_links":{"self":[{"href":"https:\/\/elluchador.info\/index.php?rest_route=\/wp\/v2\/posts\/290423","targetHints":{"allow":["GET"]}}],"collection":[{"href":"https:\/\/elluchador.info\/index.php?rest_route=\/wp\/v2\/posts"}],"about":[{"href":"https:\/\/elluchador.info\/index.php?rest_route=\/wp\/v2\/types\/post"}],"author":[{"embeddable":true,"href":"https:\/\/elluchador.info\/index.php?rest_route=\/wp\/v2\/users\/33"}],"replies":[{"embeddable":true,"href":"https:\/\/elluchador.info\/index.php?rest_route=%2Fwp%2Fv2%2Fcomments&post=290423"}],"version-history":[{"count":1,"href":"https:\/\/elluchador.info\/index.php?rest_route=\/wp\/v2\/posts\/290423\/revisions"}],"predecessor-version":[{"id":290425,"href":"https:\/\/elluchador.info\/index.php?rest_route=\/wp\/v2\/posts\/290423\/revisions\/290425"}],"wp:featuredmedia":[{"embeddable":true,"href":"https:\/\/elluchador.info\/index.php?rest_route=\/wp\/v2\/media\/290424"}],"wp:attachment":[{"href":"https:\/\/elluchador.info\/index.php?rest_route=%2Fwp%2Fv2%2Fmedia&parent=290423"}],"wp:term":[{"taxonomy":"category","embeddable":true,"href":"https:\/\/elluchador.info\/index.php?rest_route=%2Fwp%2Fv2%2Fcategories&post=290423"},{"taxonomy":"post_tag","embeddable":true,"href":"https:\/\/elluchador.info\/index.php?rest_route=%2Fwp%2Fv2%2Ftags&post=290423"}],"curies":[{"name":"wp","href":"https:\/\/api.w.org\/{rel}","templated":true}]}}