{"id":290476,"date":"2025-09-24T08:32:16","date_gmt":"2025-09-24T12:32:16","guid":{"rendered":"https:\/\/elluchador.info\/?p=290476"},"modified":"2025-09-24T08:32:52","modified_gmt":"2025-09-24T12:32:52","slug":"la-infraestructura-del-columbo-silva-esta-en-emergencia","status":"publish","type":"post","link":"https:\/\/elluchador.info\/?p=290476","title":{"rendered":"La infraestructura del Columbo Silva est\u00e1 en emergencia"},"content":{"rendered":"\n<p>\u200eEl Complejo Educativo Nacional Dr. Columbo Silva Bol\u00edvar, ubicado en el sector Negro Primero de la parroquia Vista Hermosa, atraviesa una grave situaci\u00f3n estructural que podr\u00eda llevar al cierre de sus instalaciones.<br>\u200e<br>\u200eEste plantel, con m\u00e1s de seis d\u00e9cadas de trayectoria, ha formado a generaciones de ni\u00f1os y j\u00f3venes de Ciudad Bol\u00edvar y comunidades vecinas.<br>\u200e<br>\u200eLa problem\u00e1tica se conoci\u00f3 a trav\u00e9s de redes sociales hace aproximadamente una semana y fue confirmada por padres y representantes, quienes alertaron que la infraestructura presenta grietas, filtraciones y deterioro general, lo que dificulta el normal desarrollo de las actividades escolares. Ante este panorama, no se descarta la clausura temporal de la instituci\u00f3n.<br>\u200e<br>\u200eLos representantes solicitan una inversi\u00f3n urgente en el reacondicionamiento del complejo educativo para recuperar sus 28 \u00e1reas, entre ellas biblioteca, auditorio, comedor, laboratorios, aulas desde maternal hasta secundaria y espacios recreativos.<br>\u200e<br>\u200eIngrid Guitian, exalumna y madre de un estudiante, expres\u00f3: \u201cEsta instituci\u00f3n es bastante grande, con una poblaci\u00f3n aproximada de mil ochocientos alumnos. Hoy la matr\u00edcula ha bajado dr\u00e1sticamente por el deterioro de las instalaciones. Es lamentable que un colegio con 66 a\u00f1os de historia se encuentre en estas condiciones, porque aqu\u00ed se forman ni\u00f1os y j\u00f3venes de distintos sectores de la ciudad\u201d.<br>\u200e<br>\u200eLos padres advierten que, de no concretarse la rehabilitaci\u00f3n, conformar\u00e1n una comisi\u00f3n para trasladarse a Caracas en busca de respuestas y soluciones concretas.<br>\u200e<br>\u200eEn el pasado, el Columbo Silva tambi\u00e9n abri\u00f3 sus puertas a alumnos con discapacidad visual y en 2008 funcion\u00f3 como n\u00facleo de apoyo de la Misi\u00f3n Sucre.<br>\u200e<br>\u200eEn sus mejores a\u00f1os lleg\u00f3 a albergar alrededor de 1.800 estudiantes, cifra que hoy se ha reducido a cerca de 300 debido al progresivo deterioro de sus instalaciones.<br>\u200e<br><strong>\u200eBreve rese\u00f1a hist\u00f3rica<\/strong><br>\u200e<br>\u200eLa instituci\u00f3n fue fundada el 15 de octubre de 1959 con el nombre de Escuela Normal Nacional Dr. Columbo Silva Bol\u00edvar. Entre 1967 y 1968 pas\u00f3 a llamarse Grupo Escolar Dr. Columbo Silva Bol\u00edvar, y posteriormente se convirti\u00f3 en Unidad Educativa Nacional en 1980.<br>\u200e<br>\u200eEse mismo a\u00f1o fue seleccionado como uno de los cinco planteles experimentales para implementar el nuevo Programa de Estudios de Educaci\u00f3n B\u00e1sica y el Proyecto de Desarrollo de Habilidades Cognitivas, lo que permiti\u00f3 la creaci\u00f3n de la tercera etapa en el per\u00edodo <a href=\"content:\/\/com.transsion.notebook\/phone#1981-1982\">1981-1982<\/a>.<br>\u200e<br>\u200e<br><strong><em>\u200eYanitza Mart\u00ednez<\/em><\/strong><\/p>\n","protected":false},"excerpt":{"rendered":"<p>\u200eEl Complejo Educativo Nacional Dr. Columbo Silva Bol\u00edvar, ubicado en el sector Negro Primero de la parroquia Vista Hermosa, atraviesa una grave situaci\u00f3n estructural que podr\u00eda llevar al cierre de sus instalaciones.\u200e\u200eEste plantel, con m\u00e1s de seis d\u00e9cadas de trayectoria, ha formado a generaciones de ni\u00f1os y j\u00f3venes de Ciudad Bol\u00edvar y comunidades vecinas.\u200e\u200eLa problem\u00e1tica [&hellip;]<\/p>\n","protected":false},"author":33,"featured_media":290477,"comment_status":"closed","ping_status":"closed","sticky":false,"template":"","format":"standard","meta":{"footnotes":""},"categories":[5,20],"tags":[185,306,382],"class_list":{"0":"post-290476","1":"post","2":"type-post","3":"status-publish","4":"format-standard","5":"has-post-thumbnail","7":"category-destacado","8":"category-municipal","9":"tag-bolivar","10":"tag-ciudad-bolivar","11":"tag-escuelas"},"_links":{"self":[{"href":"https:\/\/elluchador.info\/index.php?rest_route=\/wp\/v2\/posts\/290476","targetHints":{"allow":["GET"]}}],"collection":[{"href":"https:\/\/elluchador.info\/index.php?rest_route=\/wp\/v2\/posts"}],"about":[{"href":"https:\/\/elluchador.info\/index.php?rest_route=\/wp\/v2\/types\/post"}],"author":[{"embeddable":true,"href":"https:\/\/elluchador.info\/index.php?rest_route=\/wp\/v2\/users\/33"}],"replies":[{"embeddable":true,"href":"https:\/\/elluchador.info\/index.php?rest_route=%2Fwp%2Fv2%2Fcomments&post=290476"}],"version-history":[{"count":1,"href":"https:\/\/elluchador.info\/index.php?rest_route=\/wp\/v2\/posts\/290476\/revisions"}],"predecessor-version":[{"id":290478,"href":"https:\/\/elluchador.info\/index.php?rest_route=\/wp\/v2\/posts\/290476\/revisions\/290478"}],"wp:featuredmedia":[{"embeddable":true,"href":"https:\/\/elluchador.info\/index.php?rest_route=\/wp\/v2\/media\/290477"}],"wp:attachment":[{"href":"https:\/\/elluchador.info\/index.php?rest_route=%2Fwp%2Fv2%2Fmedia&parent=290476"}],"wp:term":[{"taxonomy":"category","embeddable":true,"href":"https:\/\/elluchador.info\/index.php?rest_route=%2Fwp%2Fv2%2Fcategories&post=290476"},{"taxonomy":"post_tag","embeddable":true,"href":"https:\/\/elluchador.info\/index.php?rest_route=%2Fwp%2Fv2%2Ftags&post=290476"}],"curies":[{"name":"wp","href":"https:\/\/api.w.org\/{rel}","templated":true}]}}