{"id":290482,"date":"2025-09-24T09:26:25","date_gmt":"2025-09-24T13:26:25","guid":{"rendered":"https:\/\/elluchador.info\/?p=290482"},"modified":"2025-09-24T09:27:00","modified_gmt":"2025-09-24T13:27:00","slug":"enfermedad-de-sever-dolor-en-los-talones-de-los-ninos-en-crecimiento","status":"publish","type":"post","link":"https:\/\/elluchador.info\/?p=290482","title":{"rendered":"Enfermedad de Sever: Dolor en los talones de los ni\u00f1os en crecimiento"},"content":{"rendered":"\n<p>\u00abLa inflamaci\u00f3n e irritaci\u00f3n de la zona de crecimiento del hueso del tal\u00f3n que ocurre en ni\u00f1os atletas por el alto impacto de su pisada\u00bb; es definida como la enfermedad de Sever, explica el traumat\u00f3logo ortopedista infantil, doctor Gustavo L\u00f3pez, en el programa \u00abActitud Saludable\u00bb transmitido por <strong><em>Venezolana de Televisi\u00f3n (VTV)<\/em><\/strong>.<\/p>\n\n\n\n<p>Inform\u00f3 que este hueso se genera como un \u00abbrazo de palanca mayor por el acortamiento del tend\u00f3n de Aquiles\u00bb y la zona se inflama debido al est\u00edmulo mayor que se tiene y es capaz de producir un dolor \u00abespec\u00edfico en esa zona\u00bb.<\/p>\n\n\n\n<p>Esta patolog\u00eda se puede ver en pacientes entre 7 y 8 a\u00f1os de edad y \u00abni\u00f1os que est\u00e9n creciendo\u00bb, y el dolor puede implicar inflamaci\u00f3n y enrojecimiento en el tal\u00f3n, rigidez en el pie al levantarse, caminar de puntillas y dolor al presionar el tal\u00f3n por ambos lados.<\/p>\n\n\n\n<p>\u00abCuando vamos a enfocar el tratamiento, no pensamos solamente en quitar el dolor, sino en manejar todo lo que pueda quitarlo de forma permanente\u00bb, refiri\u00f3, ya que este mal se quitar\u00e1 hasta que el tal\u00f3n de Aquiles deje de crecer. Asimismo, inst\u00f3 a la importancia del estiramiento tendinoso y articular antes y despu\u00e9s de comenzar cualquier actividad f\u00edsica.<\/p>\n\n\n\n<p>Con informaci\u00f3n <strong>VTV<\/strong><\/p>\n","protected":false},"excerpt":{"rendered":"<p>\u00abLa inflamaci\u00f3n e irritaci\u00f3n de la zona de crecimiento del hueso del tal\u00f3n que ocurre en ni\u00f1os atletas por el alto impacto de su pisada\u00bb; es definida como la enfermedad de Sever, explica el traumat\u00f3logo ortopedista infantil, doctor Gustavo L\u00f3pez, en el programa \u00abActitud Saludable\u00bb transmitido por Venezolana de Televisi\u00f3n (VTV). Inform\u00f3 que este hueso [&hellip;]<\/p>\n","protected":false},"author":33,"featured_media":290483,"comment_status":"closed","ping_status":"closed","sticky":false,"template":"","format":"standard","meta":{"footnotes":""},"categories":[19],"tags":[4062,3321],"class_list":{"0":"post-290482","1":"post","2":"type-post","3":"status-publish","4":"format-standard","5":"has-post-thumbnail","7":"category-salud","8":"tag-dolores","9":"tag-enfermedades"},"_links":{"self":[{"href":"https:\/\/elluchador.info\/index.php?rest_route=\/wp\/v2\/posts\/290482","targetHints":{"allow":["GET"]}}],"collection":[{"href":"https:\/\/elluchador.info\/index.php?rest_route=\/wp\/v2\/posts"}],"about":[{"href":"https:\/\/elluchador.info\/index.php?rest_route=\/wp\/v2\/types\/post"}],"author":[{"embeddable":true,"href":"https:\/\/elluchador.info\/index.php?rest_route=\/wp\/v2\/users\/33"}],"replies":[{"embeddable":true,"href":"https:\/\/elluchador.info\/index.php?rest_route=%2Fwp%2Fv2%2Fcomments&post=290482"}],"version-history":[{"count":1,"href":"https:\/\/elluchador.info\/index.php?rest_route=\/wp\/v2\/posts\/290482\/revisions"}],"predecessor-version":[{"id":290484,"href":"https:\/\/elluchador.info\/index.php?rest_route=\/wp\/v2\/posts\/290482\/revisions\/290484"}],"wp:featuredmedia":[{"embeddable":true,"href":"https:\/\/elluchador.info\/index.php?rest_route=\/wp\/v2\/media\/290483"}],"wp:attachment":[{"href":"https:\/\/elluchador.info\/index.php?rest_route=%2Fwp%2Fv2%2Fmedia&parent=290482"}],"wp:term":[{"taxonomy":"category","embeddable":true,"href":"https:\/\/elluchador.info\/index.php?rest_route=%2Fwp%2Fv2%2Fcategories&post=290482"},{"taxonomy":"post_tag","embeddable":true,"href":"https:\/\/elluchador.info\/index.php?rest_route=%2Fwp%2Fv2%2Ftags&post=290482"}],"curies":[{"name":"wp","href":"https:\/\/api.w.org\/{rel}","templated":true}]}}