{"id":290952,"date":"2025-09-29T12:46:51","date_gmt":"2025-09-29T16:46:51","guid":{"rendered":"https:\/\/elluchador.info\/?p=290952"},"modified":"2025-09-29T12:46:55","modified_gmt":"2025-09-29T16:46:55","slug":"canciller-gil-venezuela-juega-un-papel-de-dignidad-en-la-onu","status":"publish","type":"post","link":"https:\/\/elluchador.info\/?p=290952","title":{"rendered":"Canciller Gil: Venezuela juega un papel de dignidad en la ONU"},"content":{"rendered":"\n<p>El ministro del Poder Popular para Relaciones Exteriores, Yv\u00e1n Gil, culmin\u00f3 la participaci\u00f3n de la delegaci\u00f3n venezolana en el 80\u00ba per\u00edodo de sesiones de la Asamblea General de la Organizaci\u00f3n de las Naciones Unidas (ONU) en Nueva York, resaltando el \u00abpapel de dignidad\u00bb desempe\u00f1ado por el pa\u00eds en el foro multilateral.<\/p>\n\n\n\n<p>\u200bEl canciller Gil destac\u00f3 el balance positivo de la gesti\u00f3n, calific\u00e1ndola como un \u00abtriunfo de la diplomacia de paz\u00bb. \u00abNos vamos muy satisfechos porque en todas y cada una de estas reuniones lo que hemos encontrado es una validaci\u00f3n de la verdad de Venezuela, una validaci\u00f3n de la diplomacia, una validaci\u00f3n de la Zona de Paz de Am\u00e9rica Latina,\u00bb afirm\u00f3 el ministro.<\/p>\n\n\n\n<p>\u200bGil, inform\u00f3 sobre la intensa agenda de la delegaci\u00f3n venezolana, la cual incluy\u00f3 m\u00e1s de 50 reuniones con cancilleres de diversas naciones, adem\u00e1s de la participaci\u00f3n en \u00abdecenas de reuniones regionales, en foros, talleres y en actividades con la solidaridad\u00bb.<\/p>\n\n\n\n<p>\u200bEl titular de la cartera de Relaciones Exteriores precis\u00f3 que el objetivo central de la participaci\u00f3n fue enfatizar el \u00abpapel de Venezuela, su posici\u00f3n de defensa de la paz, de su historia, la posici\u00f3n que ha tenido ante la Asamblea General de la ONU y la posici\u00f3n de dignidad, defensa y legalidad internacional\u00bb.<\/p>\n\n\n\n<p>\u200bCon informaci\u00f3n de <strong>agencias<\/strong><\/p>\n","protected":false},"excerpt":{"rendered":"<p>El ministro del Poder Popular para Relaciones Exteriores, Yv\u00e1n Gil, culmin\u00f3 la participaci\u00f3n de la delegaci\u00f3n venezolana en el 80\u00ba per\u00edodo de sesiones de la Asamblea General de la Organizaci\u00f3n de las Naciones Unidas (ONU) en Nueva York, resaltando el \u00abpapel de dignidad\u00bb desempe\u00f1ado por el pa\u00eds en el foro multilateral. \u200bEl canciller Gil destac\u00f3 [&hellip;]<\/p>\n","protected":false},"author":38,"featured_media":290953,"comment_status":"closed","ping_status":"closed","sticky":false,"template":"","format":"standard","meta":{"footnotes":""},"categories":[11],"tags":[448,105],"class_list":{"0":"post-290952","1":"post","2":"type-post","3":"status-publish","4":"format-standard","5":"has-post-thumbnail","7":"category-politica","8":"tag-mundo","9":"tag-venezuela"},"_links":{"self":[{"href":"https:\/\/elluchador.info\/index.php?rest_route=\/wp\/v2\/posts\/290952","targetHints":{"allow":["GET"]}}],"collection":[{"href":"https:\/\/elluchador.info\/index.php?rest_route=\/wp\/v2\/posts"}],"about":[{"href":"https:\/\/elluchador.info\/index.php?rest_route=\/wp\/v2\/types\/post"}],"author":[{"embeddable":true,"href":"https:\/\/elluchador.info\/index.php?rest_route=\/wp\/v2\/users\/38"}],"replies":[{"embeddable":true,"href":"https:\/\/elluchador.info\/index.php?rest_route=%2Fwp%2Fv2%2Fcomments&post=290952"}],"version-history":[{"count":1,"href":"https:\/\/elluchador.info\/index.php?rest_route=\/wp\/v2\/posts\/290952\/revisions"}],"predecessor-version":[{"id":290954,"href":"https:\/\/elluchador.info\/index.php?rest_route=\/wp\/v2\/posts\/290952\/revisions\/290954"}],"wp:featuredmedia":[{"embeddable":true,"href":"https:\/\/elluchador.info\/index.php?rest_route=\/wp\/v2\/media\/290953"}],"wp:attachment":[{"href":"https:\/\/elluchador.info\/index.php?rest_route=%2Fwp%2Fv2%2Fmedia&parent=290952"}],"wp:term":[{"taxonomy":"category","embeddable":true,"href":"https:\/\/elluchador.info\/index.php?rest_route=%2Fwp%2Fv2%2Fcategories&post=290952"},{"taxonomy":"post_tag","embeddable":true,"href":"https:\/\/elluchador.info\/index.php?rest_route=%2Fwp%2Fv2%2Ftags&post=290952"}],"curies":[{"name":"wp","href":"https:\/\/api.w.org\/{rel}","templated":true}]}}