{"id":290978,"date":"2025-09-29T15:57:51","date_gmt":"2025-09-29T19:57:51","guid":{"rendered":"https:\/\/elluchador.info\/?p=290978"},"modified":"2025-09-29T15:57:54","modified_gmt":"2025-09-29T19:57:54","slug":"bad-bunny-sera-el-protagonista-del-espectaculo-del-super-bowl-2026","status":"publish","type":"post","link":"https:\/\/elluchador.info\/?p=290978","title":{"rendered":"Bad Bunny ser\u00e1 el protagonista del espect\u00e1culo del Super Bowl 2026"},"content":{"rendered":"\n<p>El \u00edcono global de la m\u00fasica urbana, Bad Bunny, ha sido confirmado como el artista principal del espect\u00e1culo del descanso del Super Bowl 2026, que se celebrar\u00e1 el pr\u00f3ximo 8 de febrero en el Levi\u2019s Stadium de Santa Clara, seg\u00fan anunci\u00f3 este domingo la NFL.<\/p>\n\n\n\n<p>El cantante puertorrique\u00f1o, ganador de tres premios Grammy y reconocido por su capacidad de fusionar g\u00e9neros y conectar con audiencias diversas, tomar\u00e1 el relevo de Kendrick Lamar, quien encabez\u00f3 el show en 2025 en Nueva Orleans durante el enfrentamiento entre los Kansas City Chiefs y los Philadelphia Eagles.<\/p>\n\n\n\n<p>En declaraciones difundidas por la liga, Bad Bunny expres\u00f3 la emoci\u00f3n que le genera este hito:<\/p>\n\n\n\n<p><em>\u201cLo que siento va m\u00e1s all\u00e1 de m\u00ed. Es para los que vinieron antes que yo y recorrieron infinitas yardas para yo pudiera llegar y anotar un \u2018touchdown\u2019\u2026 Esto es para mi gente, mi cultura y nuestra historia. Ve y dile a tu abuela, que seremos el HALFTIME SHOW DEL SUPER BOWL\u201d.<\/em><\/p>\n\n\n\n<figure class=\"wp-block-video aligncenter\"><video height=\"1920\" style=\"aspect-ratio: 1080 \/ 1920;\" width=\"1080\" controls src=\"https:\/\/elluchador.info\/wp-content\/uploads\/2025\/09\/post-badbunnypr-sep-28-2025.mp4\"><\/video><\/figure>\n\n\n\n<p><strong>Bad Bunny, \u00abuna elecci\u00f3n emocionante\u00bb<\/strong><\/p>\n\n\n\n<p>Jon Barker, directivo de la NFL, destac\u00f3 el impacto cultural del artista:<\/p>\n\n\n\n<p><em>\u201cBad Bunny representa la energ\u00eda y la cultura vibrante que definen la m\u00fasica de hoy en d\u00eda. Como uno de los artistas m\u00e1s influyentes del mundo, su habilidad \u00fanica de unir g\u00e9neros, lenguajes y p\u00fablicos le convierte en una elecci\u00f3n emocionante para subir al escenario del espect\u00e1culo del descanso del Super Bowl\u201d.<\/em><\/p>\n\n\n\n<p>Desde 2023, el espect\u00e1culo del descanso del Super Bowl cuenta con el patrocinio de Apple, consolidando una alianza que busca elevar la experiencia musical del evento deportivo m\u00e1s visto del planeta.<\/p>\n\n\n\n<p>Con esta participaci\u00f3n, Bad Bunny no solo marca un nuevo cap\u00edtulo en su carrera, sino tambi\u00e9n en la historia del Super Bowl, al representar a la cultura latina en uno de los escenarios m\u00e1s emblem\u00e1ticos del entretenimiento mundial.<\/p>\n\n\n\n<p>Con informaci\u00f3n <strong><em>Agencias.-<\/em><\/strong><\/p>\n","protected":false},"excerpt":{"rendered":"<p>El \u00edcono global de la m\u00fasica urbana, Bad Bunny, ha sido confirmado como el artista principal del espect\u00e1culo del descanso del Super Bowl 2026, que se celebrar\u00e1 el pr\u00f3ximo 8 de febrero en el Levi\u2019s Stadium de Santa Clara, seg\u00fan anunci\u00f3 este domingo la NFL. El cantante puertorrique\u00f1o, ganador de tres premios Grammy y reconocido [&hellip;]<\/p>\n","protected":false},"author":33,"featured_media":290980,"comment_status":"closed","ping_status":"closed","sticky":false,"template":"","format":"standard","meta":{"footnotes":""},"categories":[7],"tags":[1997,700],"class_list":{"0":"post-290978","1":"post","2":"type-post","3":"status-publish","4":"format-standard","5":"has-post-thumbnail","7":"category-entretenimiento","8":"tag-bad-bunny","9":"tag-super-bowl"},"_links":{"self":[{"href":"https:\/\/elluchador.info\/index.php?rest_route=\/wp\/v2\/posts\/290978","targetHints":{"allow":["GET"]}}],"collection":[{"href":"https:\/\/elluchador.info\/index.php?rest_route=\/wp\/v2\/posts"}],"about":[{"href":"https:\/\/elluchador.info\/index.php?rest_route=\/wp\/v2\/types\/post"}],"author":[{"embeddable":true,"href":"https:\/\/elluchador.info\/index.php?rest_route=\/wp\/v2\/users\/33"}],"replies":[{"embeddable":true,"href":"https:\/\/elluchador.info\/index.php?rest_route=%2Fwp%2Fv2%2Fcomments&post=290978"}],"version-history":[{"count":1,"href":"https:\/\/elluchador.info\/index.php?rest_route=\/wp\/v2\/posts\/290978\/revisions"}],"predecessor-version":[{"id":290981,"href":"https:\/\/elluchador.info\/index.php?rest_route=\/wp\/v2\/posts\/290978\/revisions\/290981"}],"wp:featuredmedia":[{"embeddable":true,"href":"https:\/\/elluchador.info\/index.php?rest_route=\/wp\/v2\/media\/290980"}],"wp:attachment":[{"href":"https:\/\/elluchador.info\/index.php?rest_route=%2Fwp%2Fv2%2Fmedia&parent=290978"}],"wp:term":[{"taxonomy":"category","embeddable":true,"href":"https:\/\/elluchador.info\/index.php?rest_route=%2Fwp%2Fv2%2Fcategories&post=290978"},{"taxonomy":"post_tag","embeddable":true,"href":"https:\/\/elluchador.info\/index.php?rest_route=%2Fwp%2Fv2%2Ftags&post=290978"}],"curies":[{"name":"wp","href":"https:\/\/api.w.org\/{rel}","templated":true}]}}