{"id":290982,"date":"2025-09-29T16:55:13","date_gmt":"2025-09-29T20:55:13","guid":{"rendered":"https:\/\/elluchador.info\/?p=290982"},"modified":"2025-09-29T16:58:37","modified_gmt":"2025-09-29T20:58:37","slug":"rescatan-a-comerciante-asiatico-presuntamente-secuestrado-por-policias","status":"publish","type":"post","link":"https:\/\/elluchador.info\/?p=290982","title":{"rendered":"Rescatan a comerciante asi\u00e1tico presuntamente secuestrado por polic\u00edas"},"content":{"rendered":"\n<p>Funcionarios adscritos al Cuerpo de Investigaciones Cient\u00edficas, Penales y Criminal\u00edsticas (Cicpc) rescataron a un comerciante de origen asi\u00e1tico, que hab\u00eda sido v\u00edctima de un secuestro, presuntamente organizado por agentes policiales.<\/p>\n\n\n\n<p>Seg\u00fan el periodista de sucesos <em>Eligio Rojas<\/em>, el rapto del comerciante sucedi\u00f3 en la calle 12, de la urbanizaci\u00f3n Chupar\u00edn, en el municipio Sotillo, del estado Anzo\u00e1tegui.<\/p>\n\n\n\n<p>Los funcionarios del Cicpc iniciaron las labores pertinentes para el rescate, tras la denuncia de los vecinos, y lograron encontrar a la v\u00edctima en la madrugada del pasado mi\u00e9rcoles.<\/p>\n\n\n\n<p>El ciudadano de origen asi\u00e1tico estaba atado de manos y pies dentro de un veh\u00edculo, que estaba estacionado en el urbanismo donde reside la v\u00edctima.<\/p>\n\n\n\n<p>El testimonio de la v\u00edctima y elementos encontrados dentro del veh\u00edculo apuntan a la posible vinculaci\u00f3n de polic\u00edas en el secuestro.<\/p>\n\n\n\n<p>Dentro del autom\u00f3vil, un Chevrolet Corsa color verde, placas AA198RI, los oficiales hallaron \u00abprendas policiales, correajes, esposas, una insignia de identificaci\u00f3n a nombre de David Medina (supervisor) y dos radios port\u00e1tiles\u00ab. Por tal motivo, el Cicpc est\u00e1 abocado a investigar si efectivamente hubo participaci\u00f3n de funcionarios en el rapto.<\/p>\n\n\n\n<p>Con informaci\u00f3n<strong> Sumarium<\/strong><\/p>\n","protected":false},"excerpt":{"rendered":"<p>Funcionarios adscritos al Cuerpo de Investigaciones Cient\u00edficas, Penales y Criminal\u00edsticas (Cicpc) rescataron a un comerciante de origen asi\u00e1tico, que hab\u00eda sido v\u00edctima de un secuestro, presuntamente organizado por agentes policiales. Seg\u00fan el periodista de sucesos Eligio Rojas, el rapto del comerciante sucedi\u00f3 en la calle 12, de la urbanizaci\u00f3n Chupar\u00edn, en el municipio Sotillo, del [&hellip;]<\/p>\n","protected":false},"author":33,"featured_media":290983,"comment_status":"closed","ping_status":"closed","sticky":false,"template":"","format":"standard","meta":{"footnotes":""},"categories":[13],"tags":[283,86],"class_list":{"0":"post-290982","1":"post","2":"type-post","3":"status-publish","4":"format-standard","5":"has-post-thumbnail","7":"category-sucesos","8":"tag-anzoategui","9":"tag-cicpc"},"_links":{"self":[{"href":"https:\/\/elluchador.info\/index.php?rest_route=\/wp\/v2\/posts\/290982","targetHints":{"allow":["GET"]}}],"collection":[{"href":"https:\/\/elluchador.info\/index.php?rest_route=\/wp\/v2\/posts"}],"about":[{"href":"https:\/\/elluchador.info\/index.php?rest_route=\/wp\/v2\/types\/post"}],"author":[{"embeddable":true,"href":"https:\/\/elluchador.info\/index.php?rest_route=\/wp\/v2\/users\/33"}],"replies":[{"embeddable":true,"href":"https:\/\/elluchador.info\/index.php?rest_route=%2Fwp%2Fv2%2Fcomments&post=290982"}],"version-history":[{"count":1,"href":"https:\/\/elluchador.info\/index.php?rest_route=\/wp\/v2\/posts\/290982\/revisions"}],"predecessor-version":[{"id":290984,"href":"https:\/\/elluchador.info\/index.php?rest_route=\/wp\/v2\/posts\/290982\/revisions\/290984"}],"wp:featuredmedia":[{"embeddable":true,"href":"https:\/\/elluchador.info\/index.php?rest_route=\/wp\/v2\/media\/290983"}],"wp:attachment":[{"href":"https:\/\/elluchador.info\/index.php?rest_route=%2Fwp%2Fv2%2Fmedia&parent=290982"}],"wp:term":[{"taxonomy":"category","embeddable":true,"href":"https:\/\/elluchador.info\/index.php?rest_route=%2Fwp%2Fv2%2Fcategories&post=290982"},{"taxonomy":"post_tag","embeddable":true,"href":"https:\/\/elluchador.info\/index.php?rest_route=%2Fwp%2Fv2%2Ftags&post=290982"}],"curies":[{"name":"wp","href":"https:\/\/api.w.org\/{rel}","templated":true}]}}