{"id":290985,"date":"2025-09-29T17:26:40","date_gmt":"2025-09-29T21:26:40","guid":{"rendered":"https:\/\/elluchador.info\/?p=290985"},"modified":"2025-09-29T17:26:44","modified_gmt":"2025-09-29T21:26:44","slug":"maduro-firma-el-decreto-de-conmocion-exterior-frente-a-agresiones-de-ee-uu","status":"publish","type":"post","link":"https:\/\/elluchador.info\/?p=290985","title":{"rendered":"Maduro firma el decreto de conmoci\u00f3n exterior frente a agresiones de EE.UU."},"content":{"rendered":"\n<p>El presidente venezolano, Nicol\u00e1s Maduro, ya firm\u00f3 el decreto de \u00abconmoci\u00f3n exterior\u00bb, un instrumento constitucional que permite proteger la soberan\u00eda nacional frente a amenazas externas, en el marco del despliegue militar en aguas del Caribe sur que mantiene EE.UU. desde hace semanas con el argumento de luchar contra los c\u00e1rteles y que ha sido denunciado por Caracas como una operaci\u00f3n de \u00abcambio de r\u00e9gimen\u00bb.<\/p>\n\n\n\n<p>\u00abEl presidente Nicol\u00e1s Maduro suscribi\u00f3 el decreto de conmoci\u00f3n externa\u00bb, anunci\u00f3 la vicepresidenta de Venezuela, Delcy Rodr\u00edguez, en una reuni\u00f3n del Consejo Nacional de Soberan\u00eda y Paz con el cuerpo diplom\u00e1tico acreditado en el pa\u00eds suramericano.<\/p>\n\n\n\n<p>Explic\u00f3 asimismo que el decreto pretende \u00abproteger la integridad territorial, la soberan\u00eda e independencia\u00bb, as\u00ed como \u00ablos intereses vitales, estrat\u00e9gicos\u00bb de la naci\u00f3n, frente a cualquier agresi\u00f3n externa que los comprometa.<\/p>\n\n\n\n<p>\u00abLo que hoy hace el Gobierno de EE.UU., el se\u00f1or de la guerra Marco Rubio contra Venezuela, es una agresi\u00f3n que la proh\u00edbe la Carta de las Naciones Unidas. Y si se llegare a atrever a agredir a nuestra patria [entrar\u00eda en vigor el] decreto de conmoci\u00f3n externa, que le da poderes especiales al jefe de Estado para actuar en materia de defensa y seguridad\u00bb, abund\u00f3 la alta funcionaria.<\/p>\n\n\n\n<p>Con respecto a las acciones concretas que podr\u00eda adoptar Maduro a partir del decreto, mencion\u00f3 la movilizaci\u00f3n de la Fuerza Armada Nacional Bolivariana a trav\u00e9s del todo el territorio venezolano, la toma militar de la infraestructura asociada a los servicios p\u00fablicos, la industria de los hidrocarburos y las industrias b\u00e1sicas; la activaci\u00f3n de \u00abtodos los planes de seguridad ciudadana\u00bb, la activaci\u00f3n de la Milicia Bolivariana en el sistema de defensa y el cierre de fronteras.<\/p>\n\n\n\n<p>Rodr\u00edguez llam\u00f3 a recordar que la Carta de la ONU contempla que ninguna de sus disposiciones \u00abmenoscabar\u00e1 el derecho inmanente de leg\u00edtima defensa, individual y colectiva, en caso de ataque armado contra un miembro de las Naciones Unidas\u00bb.<\/p>\n\n\n\n<p>Con informaci\u00f3n <strong>Actualidad RT<\/strong><\/p>\n","protected":false},"excerpt":{"rendered":"<p>El presidente venezolano, Nicol\u00e1s Maduro, ya firm\u00f3 el decreto de \u00abconmoci\u00f3n exterior\u00bb, un instrumento constitucional que permite proteger la soberan\u00eda nacional frente a amenazas externas, en el marco del despliegue militar en aguas del Caribe sur que mantiene EE.UU. desde hace semanas con el argumento de luchar contra los c\u00e1rteles y que ha sido denunciado [&hellip;]<\/p>\n","protected":false},"author":33,"featured_media":290986,"comment_status":"closed","ping_status":"closed","sticky":false,"template":"","format":"standard","meta":{"footnotes":""},"categories":[11],"tags":[5102,5101],"class_list":{"0":"post-290985","1":"post","2":"type-post","3":"status-publish","4":"format-standard","5":"has-post-thumbnail","7":"category-politica","8":"tag-agresiones","9":"tag-conmocion"},"_links":{"self":[{"href":"https:\/\/elluchador.info\/index.php?rest_route=\/wp\/v2\/posts\/290985","targetHints":{"allow":["GET"]}}],"collection":[{"href":"https:\/\/elluchador.info\/index.php?rest_route=\/wp\/v2\/posts"}],"about":[{"href":"https:\/\/elluchador.info\/index.php?rest_route=\/wp\/v2\/types\/post"}],"author":[{"embeddable":true,"href":"https:\/\/elluchador.info\/index.php?rest_route=\/wp\/v2\/users\/33"}],"replies":[{"embeddable":true,"href":"https:\/\/elluchador.info\/index.php?rest_route=%2Fwp%2Fv2%2Fcomments&post=290985"}],"version-history":[{"count":1,"href":"https:\/\/elluchador.info\/index.php?rest_route=\/wp\/v2\/posts\/290985\/revisions"}],"predecessor-version":[{"id":290987,"href":"https:\/\/elluchador.info\/index.php?rest_route=\/wp\/v2\/posts\/290985\/revisions\/290987"}],"wp:featuredmedia":[{"embeddable":true,"href":"https:\/\/elluchador.info\/index.php?rest_route=\/wp\/v2\/media\/290986"}],"wp:attachment":[{"href":"https:\/\/elluchador.info\/index.php?rest_route=%2Fwp%2Fv2%2Fmedia&parent=290985"}],"wp:term":[{"taxonomy":"category","embeddable":true,"href":"https:\/\/elluchador.info\/index.php?rest_route=%2Fwp%2Fv2%2Fcategories&post=290985"},{"taxonomy":"post_tag","embeddable":true,"href":"https:\/\/elluchador.info\/index.php?rest_route=%2Fwp%2Fv2%2Ftags&post=290985"}],"curies":[{"name":"wp","href":"https:\/\/api.w.org\/{rel}","templated":true}]}}