{"id":290997,"date":"2025-09-29T21:13:15","date_gmt":"2025-09-30T01:13:15","guid":{"rendered":"https:\/\/elluchador.info\/?p=290997"},"modified":"2025-09-29T21:13:18","modified_gmt":"2025-09-30T01:13:18","slug":"oswaldo-vizcarrondo-sera-el-dt-interino-de-la-vinotinto","status":"publish","type":"post","link":"https:\/\/elluchador.info\/?p=290997","title":{"rendered":"Oswaldo Vizcarrondo ser\u00e1 el DT interino de la Vinotinto"},"content":{"rendered":"\n<p>\u200eEl ex jugador de la Vinotinto, Oswaldo Vizcarrondo, ser\u00e1 el DT interino de la selecci\u00f3n absoluta para la pr\u00f3xima doble fecha FIFA de octubre para dirigir los amistosos ante Argentina y Belice.<br>\u200e<br>\u200eSeg\u00fan los periodistas Fernando Petrocelli y Elias L\u00f3pez adelantaron la novedad a trav\u00e9s de sus redes sociales sobre el entrenador criollo y se espera que la FVF haga oficial el anuncio en las pr\u00f3ximas horas o d\u00edas.<br>\u200e<br>\u200eVenezuela a\u00fan no ha pasado la p\u00e1gina de la eliminaci\u00f3n reci\u00e9n al Mundial 2026, que produjo el despido inmediato del t\u00e9cnico argentino Fernando \u201cBocha\u201d Batista. El sucesor a\u00fan se sigue buscando, mientras tanto, Oswaldo Vizcarrondo ser\u00e1 el entrenador interino para cumplir con los compromisos amistosos.<br>\u200e<br>\u200e\u201cVizca\u201d sigue sumando puntos de experiencia, rodaje y fogueo como seleccionador. Ya cumpli\u00f3 con su primer logro: Quedar tercero en el Suramericano y clasificar a la Vinotinto al Mundial de Qatar sub-17 que arranca el pr\u00f3ximo 3 de noviembre. Con la juvenil ha hecho un gran trabajo, ganando tambi\u00e9n el Torneo de las Canteras de Am\u00e9rica en mayo en Rosario, Argentina.<br>\u200e<br>\u200eAdem\u00e1s, asumi\u00f3 hace unos meses el mando de la categor\u00eda sub-20 con miras al Suramericano y Mundial 2027. <\/p>\n\n\n<div class=\"wp-block-image\">\n<figure class=\"aligncenter size-large is-resized\"><img loading=\"lazy\" decoding=\"async\" width=\"827\" height=\"1024\" src=\"https:\/\/elluchador.info\/wp-content\/uploads\/2025\/09\/Screenshot_20250929-210520-827x1024.jpg\" alt=\"\" class=\"wp-image-290998\" style=\"width:619px;height:auto\" srcset=\"https:\/\/elluchador.info\/wp-content\/uploads\/2025\/09\/Screenshot_20250929-210520-827x1024.jpg 827w, https:\/\/elluchador.info\/wp-content\/uploads\/2025\/09\/Screenshot_20250929-210520-242x300.jpg 242w, https:\/\/elluchador.info\/wp-content\/uploads\/2025\/09\/Screenshot_20250929-210520-768x951.jpg 768w, https:\/\/elluchador.info\/wp-content\/uploads\/2025\/09\/Screenshot_20250929-210520-150x186.jpg 150w, https:\/\/elluchador.info\/wp-content\/uploads\/2025\/09\/Screenshot_20250929-210520-300x372.jpg 300w, https:\/\/elluchador.info\/wp-content\/uploads\/2025\/09\/Screenshot_20250929-210520-324x400.jpg 324w, https:\/\/elluchador.info\/wp-content\/uploads\/2025\/09\/Screenshot_20250929-210520-696x862.jpg 696w, https:\/\/elluchador.info\/wp-content\/uploads\/2025\/09\/Screenshot_20250929-210520-1068x1323.jpg 1068w, https:\/\/elluchador.info\/wp-content\/uploads\/2025\/09\/Screenshot_20250929-210520.jpg 1080w\" sizes=\"auto, (max-width: 827px) 100vw, 827px\" \/><\/figure>\n<\/div>\n\n\n<p>\u200eVizcarrondo tiene la inexperiencia como lo fue Batista al frente de una selecci\u00f3n absoluta o adulta. En esta doble fecha FIFA aprovechar\u00e1 para aprender y que en un futuro pr\u00f3ximo pueda convertirse como seleccionador de la Vinotinto.<br>\u200e<br>\u200eVenezuela jugar\u00e1 primero el viernes 10 de octubre ante Argentina en el Hard Rock Stadium de Miami.<br>\u200e<br>\u200eCuatro d\u00edas m\u00e1s tarde, el conjunto criollo se medir\u00e1 a Belice por primera vez en la historia en el Seatgeek Stadium de Chicago. El equipo centroamericano ocupa el puesto 181 del Ranking FIFA y tambi\u00e9n se encuentra eliminado al Mundial.<br>\u200e<br>\u200eDespu\u00e9s en noviembre, Venezuela tiene pautado jugar ante Nigeria y Canad\u00e1.<br>\u200e<br>\u200eCon informaci\u00f3n <strong>L\u00edder<\/strong><\/p>\n","protected":false},"excerpt":{"rendered":"<p>\u200eEl ex jugador de la Vinotinto, Oswaldo Vizcarrondo, ser\u00e1 el DT interino de la selecci\u00f3n absoluta para la pr\u00f3xima doble fecha FIFA de octubre para dirigir los amistosos ante Argentina y Belice.\u200e\u200eSeg\u00fan los periodistas Fernando Petrocelli y Elias L\u00f3pez adelantaron la novedad a trav\u00e9s de sus redes sociales sobre el entrenador criollo y se espera [&hellip;]<\/p>\n","protected":false},"author":33,"featured_media":290999,"comment_status":"closed","ping_status":"closed","sticky":false,"template":"","format":"standard","meta":{"footnotes":""},"categories":[4,5],"tags":[105,895,5104],"class_list":{"0":"post-290997","1":"post","2":"type-post","3":"status-publish","4":"format-standard","5":"has-post-thumbnail","7":"category-deportes","8":"category-destacado","9":"tag-venezuela","10":"tag-vinotinto","11":"tag-vizcarrondo"},"_links":{"self":[{"href":"https:\/\/elluchador.info\/index.php?rest_route=\/wp\/v2\/posts\/290997","targetHints":{"allow":["GET"]}}],"collection":[{"href":"https:\/\/elluchador.info\/index.php?rest_route=\/wp\/v2\/posts"}],"about":[{"href":"https:\/\/elluchador.info\/index.php?rest_route=\/wp\/v2\/types\/post"}],"author":[{"embeddable":true,"href":"https:\/\/elluchador.info\/index.php?rest_route=\/wp\/v2\/users\/33"}],"replies":[{"embeddable":true,"href":"https:\/\/elluchador.info\/index.php?rest_route=%2Fwp%2Fv2%2Fcomments&post=290997"}],"version-history":[{"count":1,"href":"https:\/\/elluchador.info\/index.php?rest_route=\/wp\/v2\/posts\/290997\/revisions"}],"predecessor-version":[{"id":291000,"href":"https:\/\/elluchador.info\/index.php?rest_route=\/wp\/v2\/posts\/290997\/revisions\/291000"}],"wp:featuredmedia":[{"embeddable":true,"href":"https:\/\/elluchador.info\/index.php?rest_route=\/wp\/v2\/media\/290999"}],"wp:attachment":[{"href":"https:\/\/elluchador.info\/index.php?rest_route=%2Fwp%2Fv2%2Fmedia&parent=290997"}],"wp:term":[{"taxonomy":"category","embeddable":true,"href":"https:\/\/elluchador.info\/index.php?rest_route=%2Fwp%2Fv2%2Fcategories&post=290997"},{"taxonomy":"post_tag","embeddable":true,"href":"https:\/\/elluchador.info\/index.php?rest_route=%2Fwp%2Fv2%2Ftags&post=290997"}],"curies":[{"name":"wp","href":"https:\/\/api.w.org\/{rel}","templated":true}]}}