{"id":291012,"date":"2025-09-30T07:30:49","date_gmt":"2025-09-30T11:30:49","guid":{"rendered":"https:\/\/elluchador.info\/?p=291012"},"modified":"2025-09-30T07:30:52","modified_gmt":"2025-09-30T11:30:52","slug":"onda-tropical-n-41-podria-llegar-este-miercoles-al-pais","status":"publish","type":"post","link":"https:\/\/elluchador.info\/?p=291012","title":{"rendered":"Onda tropical N\u00b0 41 podr\u00eda llegar este mi\u00e9rcoles al pa\u00eds"},"content":{"rendered":"\n<p>\u200eEl Instituto Nacional de Meteorolog\u00eda e Hidrolog\u00eda (Inameh), inform\u00f3 que la onda tropical n\u00famero 41 podr\u00eda llegar al territorio nacional el pr\u00f3ximo mi\u00e9rcoles, actualmente se encuentra en sobre el Atl\u00e1ntico Central Tropical, mientras que la 42 est\u00e1 al este de las islas de Cabo Verde.<br>\u200e<br>\u200eEl organismo indica que en horas de la madrugada y la ma\u00f1ana , se visualizar\u00e1 nubosidad parcial en gran parte del territorio nacional; exceptuando, en Bol\u00edvar, Monagas, Sucre, Anzo\u00e1tegui, Miranda, La Guaira, Distrito Capital, este de Falc\u00f3n, Gu\u00e1rico, Cojedes, Apure, Barinas, Portuguesa, Andes y Zulia, donde zonas nubladas ser\u00e1n acompa\u00f1adas de precipitaciones. <\/p>\n\n\n<div class=\"wp-block-image\">\n<figure class=\"aligncenter size-large is-resized\"><img loading=\"lazy\" decoding=\"async\" width=\"1024\" height=\"795\" src=\"https:\/\/elluchador.info\/wp-content\/uploads\/2025\/09\/Screenshot_20250930-072604-1024x795.jpg\" alt=\"\" class=\"wp-image-291013\" style=\"width:624px;height:auto\" srcset=\"https:\/\/elluchador.info\/wp-content\/uploads\/2025\/09\/Screenshot_20250930-072604-1024x795.jpg 1024w, https:\/\/elluchador.info\/wp-content\/uploads\/2025\/09\/Screenshot_20250930-072604-300x233.jpg 300w, https:\/\/elluchador.info\/wp-content\/uploads\/2025\/09\/Screenshot_20250930-072604-768x596.jpg 768w, https:\/\/elluchador.info\/wp-content\/uploads\/2025\/09\/Screenshot_20250930-072604-150x116.jpg 150w, https:\/\/elluchador.info\/wp-content\/uploads\/2025\/09\/Screenshot_20250930-072604-696x540.jpg 696w, https:\/\/elluchador.info\/wp-content\/uploads\/2025\/09\/Screenshot_20250930-072604-1068x829.jpg 1068w, https:\/\/elluchador.info\/wp-content\/uploads\/2025\/09\/Screenshot_20250930-072604.jpg 1080w\" sizes=\"auto, (max-width: 1024px) 100vw, 1024px\" \/><\/figure>\n<\/div>\n\n\n<p>\u200eDurante la tarde y noche, se prev\u00e9 desarrollo nuboso con lluvias o chubascos y descargas el\u00e9ctricas ocasionales en Bol\u00edvar, Amazonas, Nororiente, Centro Norte Costero, Llanos Centrales, Occidentales, Centro Occidente, los Andes y Zulia.<br>\u200e<br>\u200eA\u00f1ade que prevalecen el Hurac\u00e1n Humberto y la Tormenta Tropical Imelda, cerca de las costas este de Estados Unidos.<br>\u200e<br>\u200eEn el Atl\u00e1ntico Central Tropical, la Zona de Convergencia Intertropical al noreste de pa\u00eds, y la Vaguada Monz\u00f3nica modulada por; La Baja Presi\u00f3n sobre la Colombia.<br>\u200e<br>\u200eCon informaci\u00f3n <strong>\u00daR<\/strong><\/p>\n","protected":false},"excerpt":{"rendered":"<p>\u200eEl Instituto Nacional de Meteorolog\u00eda e Hidrolog\u00eda (Inameh), inform\u00f3 que la onda tropical n\u00famero 41 podr\u00eda llegar al territorio nacional el pr\u00f3ximo mi\u00e9rcoles, actualmente se encuentra en sobre el Atl\u00e1ntico Central Tropical, mientras que la 42 est\u00e1 al este de las islas de Cabo Verde.\u200e\u200eEl organismo indica que en horas de la madrugada y la [&hellip;]<\/p>\n","protected":false},"author":33,"featured_media":291014,"comment_status":"closed","ping_status":"closed","sticky":false,"template":"","format":"standard","meta":{"footnotes":""},"categories":[9],"tags":[],"class_list":{"0":"post-291012","1":"post","2":"type-post","3":"status-publish","4":"format-standard","5":"has-post-thumbnail","7":"category-nacionales"},"_links":{"self":[{"href":"https:\/\/elluchador.info\/index.php?rest_route=\/wp\/v2\/posts\/291012","targetHints":{"allow":["GET"]}}],"collection":[{"href":"https:\/\/elluchador.info\/index.php?rest_route=\/wp\/v2\/posts"}],"about":[{"href":"https:\/\/elluchador.info\/index.php?rest_route=\/wp\/v2\/types\/post"}],"author":[{"embeddable":true,"href":"https:\/\/elluchador.info\/index.php?rest_route=\/wp\/v2\/users\/33"}],"replies":[{"embeddable":true,"href":"https:\/\/elluchador.info\/index.php?rest_route=%2Fwp%2Fv2%2Fcomments&post=291012"}],"version-history":[{"count":1,"href":"https:\/\/elluchador.info\/index.php?rest_route=\/wp\/v2\/posts\/291012\/revisions"}],"predecessor-version":[{"id":291015,"href":"https:\/\/elluchador.info\/index.php?rest_route=\/wp\/v2\/posts\/291012\/revisions\/291015"}],"wp:featuredmedia":[{"embeddable":true,"href":"https:\/\/elluchador.info\/index.php?rest_route=\/wp\/v2\/media\/291014"}],"wp:attachment":[{"href":"https:\/\/elluchador.info\/index.php?rest_route=%2Fwp%2Fv2%2Fmedia&parent=291012"}],"wp:term":[{"taxonomy":"category","embeddable":true,"href":"https:\/\/elluchador.info\/index.php?rest_route=%2Fwp%2Fv2%2Fcategories&post=291012"},{"taxonomy":"post_tag","embeddable":true,"href":"https:\/\/elluchador.info\/index.php?rest_route=%2Fwp%2Fv2%2Ftags&post=291012"}],"curies":[{"name":"wp","href":"https:\/\/api.w.org\/{rel}","templated":true}]}}